{"id":49332,"date":"2026-01-21T10:09:20","date_gmt":"2026-01-21T09:09:20","guid":{"rendered":"https:\/\/iddocente.com\/formacio-docent-en-assetjament-escolar-xifres-preocupants-i-reptes-de-futur\/"},"modified":"2026-01-21T10:38:14","modified_gmt":"2026-01-21T09:38:14","slug":"formacio-docent-en-assetjament-escolar-xifres-preocupants-i-reptes-de-futur","status":"publish","type":"post","link":"https:\/\/iddocente.com\/ca\/formacio-docent-en-assetjament-escolar-xifres-preocupants-i-reptes-de-futur\/","title":{"rendered":"Formaci\u00f3 docent en assetjament escolar: xifres preocupants i reptes de futur"},"content":{"rendered":"<p>L\u2019assetjament escolar no \u00e9s un fenomen nou, per\u00f2 continua sent <strong>un dels reptes m\u00e9s complexos i sensibles<\/strong> als quals s\u2019enfronten els centres educatius. Les seves conseq\u00fc\u00e8ncies (emocionals, socials i acad\u00e8miques) afecten profundament l\u2019alumnat implicat i el clima escolar en conjunt. Tot i aix\u00f2, malgrat la gravetat del problema, <strong>una pregunta segueix sent inc\u00f2moda per\u00f2 necess\u00e0ria<\/strong>: est\u00e0 el professorat realment preparat per prevenir i gestionar situacions d\u2019assetjament escolar?<\/p>\n<p>&nbsp;<\/p>\n<h2>Xifres que conviden a la reflexi\u00f3<\/h2>\n<p>Les dades disponibles a Espanya apunten a una realitat preocupant. Segons l\u2019estudi <a href=\"https:\/\/www.fundacionmapfre.org\/publicaciones\/todas\/estado-salud-mental-aula\/\">Estat de la salut mental a l\u2019aula<\/a> (Fundaci\u00f3 MAPFRE, 2025), <strong>nom\u00e9s el 5,1\u202f% del professorat afirma haver rebut formaci\u00f3 espec\u00edfica<\/strong> en conviv\u00e8ncia o assetjament escolar, mentre que la gran majoria reconeix no haver comptat amb aquest tipus de preparaci\u00f3 professional.<\/p>\n<p>Aquesta dada resulta especialment rellevant si es t\u00e9 en compte que el professorat \u00e9s, en la pr\u00e0ctica, la primera l\u00ednia de detecci\u00f3 i intervenci\u00f3 davant possibles situacions d\u2019assetjament: observen les din\u00e0miques de l\u2019aula, reben els primers senyals i solen ser el referent adult m\u00e9s proper per a l\u2019alumnat.<\/p>\n<p>&nbsp;<\/p>\n<h2>Molta responsabilitat, poca preparaci\u00f3 percebuda<\/h2>\n<p>M\u00e9s enll\u00e0 de la formaci\u00f3 formal rebuda, la recerca acad\u00e8mica tamb\u00e9 posa el focus en com se sent el professorat davant aquest problema. Estudis realitzats amb professorat espanyol mostren un patr\u00f3 recurrent:<\/p>\n<ul>\n<li>Alta conscienciaci\u00f3 i preocupaci\u00f3 per l\u2019assetjament escolar.<\/li>\n<li>Forta sensaci\u00f3 de responsabilitat.<\/li>\n<li>Baixa percepci\u00f3 d\u2019autoefic\u00e0cia per intervenir de manera adequada.<\/li>\n<\/ul>\n<p>&nbsp;<\/p>\n<p>\u00c9s a dir, molts docents saben que l\u2019assetjament escolar \u00e9s un problema greu i volen actuar, per\u00f2 <strong>no sempre se senten suficientment segurs o capacitats<\/strong> per fer-ho. Aquesta inseguretat no nom\u00e9s genera estr\u00e8s professional, sin\u00f3 que pot retardar intervencions clau o provocar actuacions poc ajustades als protocols i a les necessitats reals de l\u2019alumnat.<\/p>\n<p>&nbsp;<\/p>\n<h2>L\u2019impacte de l\u2019assetjament escolar a l\u2019aula<\/h2>\n<p>La rellev\u00e0ncia d\u2019aquesta manca formativa s\u2019ent\u00e9n millor si s\u2019observa l\u2019impacte de l\u2019assetjament escolar. Diferents estudis i entitats especialitzades adverteixen que <strong>una part significativa de l\u2019alumnat pateix assetjament o ciberassetjament en algun moment de la seva etapa educativa<\/strong>, amb conseq\u00fc\u00e8ncies que poden incloure ansietat, a\u00efllament social, descens del rendiment acad\u00e8mic i fins i tot abandonament escolar.<\/p>\n<p>Davant aquest escenari, <strong>la formaci\u00f3 del professorat deixa de ser un complement i es converteix en una necessitat estructural<\/strong>. No es tracta nom\u00e9s de con\u00e8ixer la definici\u00f3 d\u2019assetjament escolar, sin\u00f3 de desenvolupar compet\u00e8ncies pr\u00e0ctiques per:<\/p>\n<ul>\n<li>Detectar senyals primerenques.<\/li>\n<li>Diferenciar conflictes puntuals de situacions d\u2019assetjament.<\/li>\n<li>Aplicar protocols amb seguretat jur\u00eddica.<\/li>\n<li>Intervenir des d\u2019un enfocament preventiu i restauratiu.<\/li>\n<\/ul>\n<p>&nbsp;<\/p>\n<h2>Reptes pendents en la formaci\u00f3 docent<\/h2>\n<p>Un dels grans reptes del sistema educatiu \u00e9s que la formaci\u00f3 en assetjament escolar continua sent desigual i, en molts casos, insuficient. A la formaci\u00f3 inicial del professorat, aquests continguts <strong>solen apar\u00e8ixer de manera transversal o molt generalista<\/strong>, sense aprofundir en estrat\u00e8gies concretes d\u2019intervenci\u00f3.<\/p>\n<p>D\u2019altra banda, <strong>la formaci\u00f3 cont\u00ednua no sempre respon a les necessitats reals dels centres<\/strong>: faltan propostes pr\u00e0ctiques, contextualitzades i adaptades a les diferents etapes educatives. Aix\u00f2 genera una bretxa entre la complexitat de les situacions que es viuen a les aules i les eines de qu\u00e8 disposa el professorat.<\/p>\n<p>&nbsp;<\/p>\n<h2>Avan\u00e7ar cap a una formaci\u00f3 m\u00e9s s\u00f2lida i pr\u00e0ctica<\/h2>\n<p>Millorar la prevenci\u00f3 i gesti\u00f3 de l\u2019assetjament escolar passa necess\u00e0riament per refor\u00e7ar la formaci\u00f3 del professorat, tant inicial com cont\u00ednua. Una formaci\u00f3 efica\u00e7 hauria de:<\/p>\n<ul>\n<li>Combinar marc te\u00f2ric i casos reals.<\/li>\n<li>Treballar la presa de decisions en situacions complexes.<\/li>\n<li>Oferir pautes clares d\u2019actuaci\u00f3 coordinada amb el centre i les fam\u00edlies.<\/li>\n<li>Enfortir la confian\u00e7a professional del professorat.<\/li>\n<\/ul>\n<p>&nbsp;<\/p>\n<p>Nom\u00e9s aix\u00ed ser\u00e0 possible construir entorns educatius m\u00e9s segurs, on l\u2019assetjament escolar no es normalitzi ni s\u2019abordi des de la improvisaci\u00f3.<\/p>\n<p>&nbsp;<\/p>\n<h2>Una reflexi\u00f3 final<\/h2>\n<p>Des d&#8217;idDOCENTE creiem que la prevenci\u00f3 de l\u2019assetjament escolar comen\u00e7a amb docents ben formats i acompanyats. Per aix\u00f2, hem desenvolupat un <a href=\"https:\/\/iddocente.com\/ca\/formacion\/curs-online-prevencio-gestio-assetjament-escolar-bullying\/\">Curs online de prevenci\u00f3 i gesti\u00f3 de l\u2019assetjament escolar<\/a>, orientat a dotar el professorat d\u2019eines pr\u00e0ctiques per a la detecci\u00f3, prevenci\u00f3 i intervenci\u00f3 en situacions d\u2019assetjament escolar, amb un enfocament realista i aplicable tant a l\u2019aula com al centre educatiu.<\/p>\n<p>No com una soluci\u00f3 \u00fanica, sin\u00f3 com <strong>una pe\u00e7a m\u00e9s dins del comprom\u00eds col\u00b7lectiu per millorar<\/strong> la conviv\u00e8ncia escolar i protegir el benestar de l\u2019alumnat.<\/p>\n","protected":false},"excerpt":{"rendered":"<p>L\u2019assetjament escolar no \u00e9s un fenomen nou, per\u00f2 continua sent un dels reptes m\u00e9s complexos i sensibles als quals s\u2019enfronten els centres educatius. Les seves conseq\u00fc\u00e8ncies (emocionals, socials i acad\u00e8miques) afecten profundament l\u2019alumnat implicat i el clima escolar en conjunt. Tot i aix\u00f2, malgrat la gravetat del problema, una pregunta segueix sent inc\u00f2moda per\u00f2 necess\u00e0ria: [&hellip;]<\/p>\n","protected":false},"author":2,"featured_media":49331,"comment_status":"open","ping_status":"closed","sticky":false,"template":"","format":"standard","meta":{"_acf_changed":false,"footnotes":""},"categories":[1272],"tags":[1297,1506,1474,1237,939,1463,1505],"class_list":["post-49332","post","type-post","status-publish","format-standard","has-post-thumbnail","hentry","category-formacio","tag-assetjament","tag-assetjament-escolar","tag-bullying","tag-docents","tag-formacio","tag-prevencio","tag-repte"],"acf":[],"yoast_head":"<!-- This site is optimized with the Yoast SEO plugin v27.3 - https:\/\/yoast.com\/product\/yoast-seo-wordpress\/ -->\n<title>Formaci\u00f3 docent en assetjament escolar: xifres i reptes | idDOCENTE<\/title>\n<meta name=\"description\" content=\"Descobreix les xifres sobre la formaci\u00f3 del professorat en assetjament escolar a Espanya i els reptes clau per prevenir i gestionar el bullying.\" \/>\n<meta name=\"robots\" content=\"index, follow, max-snippet:-1, max-image-preview:large, max-video-preview:-1\" \/>\n<link rel=\"canonical\" href=\"https:\/\/iddocente.com\/ca\/formacio-docent-en-assetjament-escolar-xifres-preocupants-i-reptes-de-futur\/\" \/>\n<meta property=\"og:locale\" content=\"ca_ES\" \/>\n<meta property=\"og:type\" content=\"article\" \/>\n<meta property=\"og:title\" content=\"Formaci\u00f3 docent en assetjament escolar: xifres i reptes | idDOCENTE\" \/>\n<meta property=\"og:description\" content=\"Descobreix les xifres sobre la formaci\u00f3 del professorat en assetjament escolar a Espanya i els reptes clau per prevenir i gestionar el bullying.\" \/>\n<meta property=\"og:url\" content=\"https:\/\/iddocente.com\/ca\/formacio-docent-en-assetjament-escolar-xifres-preocupants-i-reptes-de-futur\/\" \/>\n<meta property=\"og:site_name\" content=\"idDOCENTE\" \/>\n<meta property=\"article:publisher\" content=\"https:\/\/www.facebook.com\/IDDInnovacionDesarrolloDocente\" \/>\n<meta property=\"article:published_time\" content=\"2026-01-21T09:09:20+00:00\" \/>\n<meta property=\"article:modified_time\" content=\"2026-01-21T09:38:14+00:00\" \/>\n<meta property=\"og:image\" content=\"https:\/\/iddocente.com\/wp-content\/uploads\/2026\/01\/idd_acoso_formacion_docente.jpg\" \/>\n\t<meta property=\"og:image:width\" content=\"840\" \/>\n\t<meta property=\"og:image:height\" content=\"400\" \/>\n\t<meta property=\"og:image:type\" content=\"image\/jpeg\" \/>\n<meta name=\"author\" content=\"idDOCENTE\" \/>\n<meta name=\"twitter:card\" content=\"summary_large_image\" \/>\n<meta name=\"twitter:creator\" content=\"@id_DOCENTE\" \/>\n<meta name=\"twitter:site\" content=\"@id_DOCENTE\" \/>\n<meta name=\"twitter:label1\" content=\"Escrit per\" \/>\n\t<meta name=\"twitter:data1\" content=\"idDOCENTE\" \/>\n\t<meta name=\"twitter:label2\" content=\"Temps estimat de lectura\" \/>\n\t<meta name=\"twitter:data2\" content=\"4 minuts\" \/>\n<script type=\"application\/ld+json\" class=\"yoast-schema-graph\">{\"@context\":\"https:\\\/\\\/schema.org\",\"@graph\":[{\"@type\":\"Article\",\"@id\":\"https:\\\/\\\/iddocente.com\\\/ca\\\/formacio-docent-en-assetjament-escolar-xifres-preocupants-i-reptes-de-futur\\\/#article\",\"isPartOf\":{\"@id\":\"https:\\\/\\\/iddocente.com\\\/ca\\\/formacio-docent-en-assetjament-escolar-xifres-preocupants-i-reptes-de-futur\\\/\"},\"author\":{\"name\":\"idDOCENTE\",\"@id\":\"https:\\\/\\\/iddocente.com\\\/#\\\/schema\\\/person\\\/640d86fb276c3e2b032e21567691977d\"},\"headline\":\"Formaci\u00f3 docent en assetjament escolar: xifres preocupants i reptes de futur\",\"datePublished\":\"2026-01-21T09:09:20+00:00\",\"dateModified\":\"2026-01-21T09:38:14+00:00\",\"mainEntityOfPage\":{\"@id\":\"https:\\\/\\\/iddocente.com\\\/ca\\\/formacio-docent-en-assetjament-escolar-xifres-preocupants-i-reptes-de-futur\\\/\"},\"wordCount\":779,\"commentCount\":0,\"publisher\":{\"@id\":\"https:\\\/\\\/iddocente.com\\\/#organization\"},\"image\":{\"@id\":\"https:\\\/\\\/iddocente.com\\\/ca\\\/formacio-docent-en-assetjament-escolar-xifres-preocupants-i-reptes-de-futur\\\/#primaryimage\"},\"thumbnailUrl\":\"https:\\\/\\\/iddocente.com\\\/wp-content\\\/uploads\\\/2026\\\/01\\\/idd_acoso_formacion_docente.jpg\",\"keywords\":[\"assetjament\",\"assetjament escolar\",\"bullying\",\"docents\",\"formaci\u00f3\",\"prevenci\u00f3\",\"repte\"],\"articleSection\":[\"FORMACI\u00d3\"],\"inLanguage\":\"ca\",\"potentialAction\":[{\"@type\":\"CommentAction\",\"name\":\"Comment\",\"target\":[\"https:\\\/\\\/iddocente.com\\\/ca\\\/formacio-docent-en-assetjament-escolar-xifres-preocupants-i-reptes-de-futur\\\/#respond\"]}]},{\"@type\":\"WebPage\",\"@id\":\"https:\\\/\\\/iddocente.com\\\/ca\\\/formacio-docent-en-assetjament-escolar-xifres-preocupants-i-reptes-de-futur\\\/\",\"url\":\"https:\\\/\\\/iddocente.com\\\/ca\\\/formacio-docent-en-assetjament-escolar-xifres-preocupants-i-reptes-de-futur\\\/\",\"name\":\"Formaci\u00f3 docent en assetjament escolar: xifres i reptes | idDOCENTE\",\"isPartOf\":{\"@id\":\"https:\\\/\\\/iddocente.com\\\/#website\"},\"primaryImageOfPage\":{\"@id\":\"https:\\\/\\\/iddocente.com\\\/ca\\\/formacio-docent-en-assetjament-escolar-xifres-preocupants-i-reptes-de-futur\\\/#primaryimage\"},\"image\":{\"@id\":\"https:\\\/\\\/iddocente.com\\\/ca\\\/formacio-docent-en-assetjament-escolar-xifres-preocupants-i-reptes-de-futur\\\/#primaryimage\"},\"thumbnailUrl\":\"https:\\\/\\\/iddocente.com\\\/wp-content\\\/uploads\\\/2026\\\/01\\\/idd_acoso_formacion_docente.jpg\",\"datePublished\":\"2026-01-21T09:09:20+00:00\",\"dateModified\":\"2026-01-21T09:38:14+00:00\",\"description\":\"Descobreix les xifres sobre la formaci\u00f3 del professorat en assetjament escolar a Espanya i els reptes clau per prevenir i gestionar el bullying.\",\"breadcrumb\":{\"@id\":\"https:\\\/\\\/iddocente.com\\\/ca\\\/formacio-docent-en-assetjament-escolar-xifres-preocupants-i-reptes-de-futur\\\/#breadcrumb\"},\"inLanguage\":\"ca\",\"potentialAction\":[{\"@type\":\"ReadAction\",\"target\":[\"https:\\\/\\\/iddocente.com\\\/ca\\\/formacio-docent-en-assetjament-escolar-xifres-preocupants-i-reptes-de-futur\\\/\"]}]},{\"@type\":\"ImageObject\",\"inLanguage\":\"ca\",\"@id\":\"https:\\\/\\\/iddocente.com\\\/ca\\\/formacio-docent-en-assetjament-escolar-xifres-preocupants-i-reptes-de-futur\\\/#primaryimage\",\"url\":\"https:\\\/\\\/iddocente.com\\\/wp-content\\\/uploads\\\/2026\\\/01\\\/idd_acoso_formacion_docente.jpg\",\"contentUrl\":\"https:\\\/\\\/iddocente.com\\\/wp-content\\\/uploads\\\/2026\\\/01\\\/idd_acoso_formacion_docente.jpg\",\"width\":840,\"height\":400,\"caption\":\"assetjament formaci\u00f3 docent\"},{\"@type\":\"BreadcrumbList\",\"@id\":\"https:\\\/\\\/iddocente.com\\\/ca\\\/formacio-docent-en-assetjament-escolar-xifres-preocupants-i-reptes-de-futur\\\/#breadcrumb\",\"itemListElement\":[{\"@type\":\"ListItem\",\"position\":1,\"name\":\"Portada\",\"item\":\"https:\\\/\\\/iddocente.com\\\/ca\\\/\"},{\"@type\":\"ListItem\",\"position\":2,\"name\":\"Formaci\u00f3 docent en assetjament escolar: xifres preocupants i reptes de futur\"}]},{\"@type\":\"WebSite\",\"@id\":\"https:\\\/\\\/iddocente.com\\\/#website\",\"url\":\"https:\\\/\\\/iddocente.com\\\/\",\"name\":\"idDOCENTE\",\"description\":\"Formaci\u00f3n online para docentes y centros educativos\",\"publisher\":{\"@id\":\"https:\\\/\\\/iddocente.com\\\/#organization\"},\"potentialAction\":[{\"@type\":\"SearchAction\",\"target\":{\"@type\":\"EntryPoint\",\"urlTemplate\":\"https:\\\/\\\/iddocente.com\\\/?s={search_term_string}\"},\"query-input\":{\"@type\":\"PropertyValueSpecification\",\"valueRequired\":true,\"valueName\":\"search_term_string\"}}],\"inLanguage\":\"ca\"},{\"@type\":\"Organization\",\"@id\":\"https:\\\/\\\/iddocente.com\\\/#organization\",\"name\":\"idDOCENTE\",\"url\":\"https:\\\/\\\/iddocente.com\\\/\",\"logo\":{\"@type\":\"ImageObject\",\"inLanguage\":\"ca\",\"@id\":\"https:\\\/\\\/iddocente.com\\\/#\\\/schema\\\/logo\\\/image\\\/\",\"url\":\"https:\\\/\\\/iddocente.com\\\/wp-content\\\/uploads\\\/2017\\\/01\\\/logo-colored-295x109.png\",\"contentUrl\":\"https:\\\/\\\/iddocente.com\\\/wp-content\\\/uploads\\\/2017\\\/01\\\/logo-colored-295x109.png\",\"width\":298,\"height\":110,\"caption\":\"idDOCENTE\"},\"image\":{\"@id\":\"https:\\\/\\\/iddocente.com\\\/#\\\/schema\\\/logo\\\/image\\\/\"},\"sameAs\":[\"https:\\\/\\\/www.facebook.com\\\/IDDInnovacionDesarrolloDocente\",\"https:\\\/\\\/x.com\\\/id_DOCENTE\",\"https:\\\/\\\/www.instagram.com\\\/iddocente\\\/\",\"https:\\\/\\\/www.linkedin.com\\\/company\\\/iddocente\\\/\"]},{\"@type\":\"Person\",\"@id\":\"https:\\\/\\\/iddocente.com\\\/#\\\/schema\\\/person\\\/640d86fb276c3e2b032e21567691977d\",\"name\":\"idDOCENTE\",\"image\":{\"@type\":\"ImageObject\",\"inLanguage\":\"ca\",\"@id\":\"https:\\\/\\\/secure.gravatar.com\\\/avatar\\\/93e9c486834ddfb4122a769285ed5cb0bf26b3a5a32598e1cf8abe0654241f90?s=96&d=mm&r=g\",\"url\":\"https:\\\/\\\/secure.gravatar.com\\\/avatar\\\/93e9c486834ddfb4122a769285ed5cb0bf26b3a5a32598e1cf8abe0654241f90?s=96&d=mm&r=g\",\"contentUrl\":\"https:\\\/\\\/secure.gravatar.com\\\/avatar\\\/93e9c486834ddfb4122a769285ed5cb0bf26b3a5a32598e1cf8abe0654241f90?s=96&d=mm&r=g\",\"caption\":\"idDOCENTE\"}}]}<\/script>\n<!-- \/ Yoast SEO plugin. -->","yoast_head_json":{"title":"Formaci\u00f3 docent en assetjament escolar: xifres i reptes | idDOCENTE","description":"Descobreix les xifres sobre la formaci\u00f3 del professorat en assetjament escolar a Espanya i els reptes clau per prevenir i gestionar el bullying.","robots":{"index":"index","follow":"follow","max-snippet":"max-snippet:-1","max-image-preview":"max-image-preview:large","max-video-preview":"max-video-preview:-1"},"canonical":"https:\/\/iddocente.com\/ca\/formacio-docent-en-assetjament-escolar-xifres-preocupants-i-reptes-de-futur\/","og_locale":"ca_ES","og_type":"article","og_title":"Formaci\u00f3 docent en assetjament escolar: xifres i reptes | idDOCENTE","og_description":"Descobreix les xifres sobre la formaci\u00f3 del professorat en assetjament escolar a Espanya i els reptes clau per prevenir i gestionar el bullying.","og_url":"https:\/\/iddocente.com\/ca\/formacio-docent-en-assetjament-escolar-xifres-preocupants-i-reptes-de-futur\/","og_site_name":"idDOCENTE","article_publisher":"https:\/\/www.facebook.com\/IDDInnovacionDesarrolloDocente","article_published_time":"2026-01-21T09:09:20+00:00","article_modified_time":"2026-01-21T09:38:14+00:00","og_image":[{"width":840,"height":400,"url":"https:\/\/iddocente.com\/wp-content\/uploads\/2026\/01\/idd_acoso_formacion_docente.jpg","type":"image\/jpeg"}],"author":"idDOCENTE","twitter_card":"summary_large_image","twitter_creator":"@id_DOCENTE","twitter_site":"@id_DOCENTE","twitter_misc":{"Escrit per":"idDOCENTE","Temps estimat de lectura":"4 minuts"},"schema":{"@context":"https:\/\/schema.org","@graph":[{"@type":"Article","@id":"https:\/\/iddocente.com\/ca\/formacio-docent-en-assetjament-escolar-xifres-preocupants-i-reptes-de-futur\/#article","isPartOf":{"@id":"https:\/\/iddocente.com\/ca\/formacio-docent-en-assetjament-escolar-xifres-preocupants-i-reptes-de-futur\/"},"author":{"name":"idDOCENTE","@id":"https:\/\/iddocente.com\/#\/schema\/person\/640d86fb276c3e2b032e21567691977d"},"headline":"Formaci\u00f3 docent en assetjament escolar: xifres preocupants i reptes de futur","datePublished":"2026-01-21T09:09:20+00:00","dateModified":"2026-01-21T09:38:14+00:00","mainEntityOfPage":{"@id":"https:\/\/iddocente.com\/ca\/formacio-docent-en-assetjament-escolar-xifres-preocupants-i-reptes-de-futur\/"},"wordCount":779,"commentCount":0,"publisher":{"@id":"https:\/\/iddocente.com\/#organization"},"image":{"@id":"https:\/\/iddocente.com\/ca\/formacio-docent-en-assetjament-escolar-xifres-preocupants-i-reptes-de-futur\/#primaryimage"},"thumbnailUrl":"https:\/\/iddocente.com\/wp-content\/uploads\/2026\/01\/idd_acoso_formacion_docente.jpg","keywords":["assetjament","assetjament escolar","bullying","docents","formaci\u00f3","prevenci\u00f3","repte"],"articleSection":["FORMACI\u00d3"],"inLanguage":"ca","potentialAction":[{"@type":"CommentAction","name":"Comment","target":["https:\/\/iddocente.com\/ca\/formacio-docent-en-assetjament-escolar-xifres-preocupants-i-reptes-de-futur\/#respond"]}]},{"@type":"WebPage","@id":"https:\/\/iddocente.com\/ca\/formacio-docent-en-assetjament-escolar-xifres-preocupants-i-reptes-de-futur\/","url":"https:\/\/iddocente.com\/ca\/formacio-docent-en-assetjament-escolar-xifres-preocupants-i-reptes-de-futur\/","name":"Formaci\u00f3 docent en assetjament escolar: xifres i reptes | idDOCENTE","isPartOf":{"@id":"https:\/\/iddocente.com\/#website"},"primaryImageOfPage":{"@id":"https:\/\/iddocente.com\/ca\/formacio-docent-en-assetjament-escolar-xifres-preocupants-i-reptes-de-futur\/#primaryimage"},"image":{"@id":"https:\/\/iddocente.com\/ca\/formacio-docent-en-assetjament-escolar-xifres-preocupants-i-reptes-de-futur\/#primaryimage"},"thumbnailUrl":"https:\/\/iddocente.com\/wp-content\/uploads\/2026\/01\/idd_acoso_formacion_docente.jpg","datePublished":"2026-01-21T09:09:20+00:00","dateModified":"2026-01-21T09:38:14+00:00","description":"Descobreix les xifres sobre la formaci\u00f3 del professorat en assetjament escolar a Espanya i els reptes clau per prevenir i gestionar el bullying.","breadcrumb":{"@id":"https:\/\/iddocente.com\/ca\/formacio-docent-en-assetjament-escolar-xifres-preocupants-i-reptes-de-futur\/#breadcrumb"},"inLanguage":"ca","potentialAction":[{"@type":"ReadAction","target":["https:\/\/iddocente.com\/ca\/formacio-docent-en-assetjament-escolar-xifres-preocupants-i-reptes-de-futur\/"]}]},{"@type":"ImageObject","inLanguage":"ca","@id":"https:\/\/iddocente.com\/ca\/formacio-docent-en-assetjament-escolar-xifres-preocupants-i-reptes-de-futur\/#primaryimage","url":"https:\/\/iddocente.com\/wp-content\/uploads\/2026\/01\/idd_acoso_formacion_docente.jpg","contentUrl":"https:\/\/iddocente.com\/wp-content\/uploads\/2026\/01\/idd_acoso_formacion_docente.jpg","width":840,"height":400,"caption":"assetjament formaci\u00f3 docent"},{"@type":"BreadcrumbList","@id":"https:\/\/iddocente.com\/ca\/formacio-docent-en-assetjament-escolar-xifres-preocupants-i-reptes-de-futur\/#breadcrumb","itemListElement":[{"@type":"ListItem","position":1,"name":"Portada","item":"https:\/\/iddocente.com\/ca\/"},{"@type":"ListItem","position":2,"name":"Formaci\u00f3 docent en assetjament escolar: xifres preocupants i reptes de futur"}]},{"@type":"WebSite","@id":"https:\/\/iddocente.com\/#website","url":"https:\/\/iddocente.com\/","name":"idDOCENTE","description":"Formaci\u00f3n online para docentes y centros educativos","publisher":{"@id":"https:\/\/iddocente.com\/#organization"},"potentialAction":[{"@type":"SearchAction","target":{"@type":"EntryPoint","urlTemplate":"https:\/\/iddocente.com\/?s={search_term_string}"},"query-input":{"@type":"PropertyValueSpecification","valueRequired":true,"valueName":"search_term_string"}}],"inLanguage":"ca"},{"@type":"Organization","@id":"https:\/\/iddocente.com\/#organization","name":"idDOCENTE","url":"https:\/\/iddocente.com\/","logo":{"@type":"ImageObject","inLanguage":"ca","@id":"https:\/\/iddocente.com\/#\/schema\/logo\/image\/","url":"https:\/\/iddocente.com\/wp-content\/uploads\/2017\/01\/logo-colored-295x109.png","contentUrl":"https:\/\/iddocente.com\/wp-content\/uploads\/2017\/01\/logo-colored-295x109.png","width":298,"height":110,"caption":"idDOCENTE"},"image":{"@id":"https:\/\/iddocente.com\/#\/schema\/logo\/image\/"},"sameAs":["https:\/\/www.facebook.com\/IDDInnovacionDesarrolloDocente","https:\/\/x.com\/id_DOCENTE","https:\/\/www.instagram.com\/iddocente\/","https:\/\/www.linkedin.com\/company\/iddocente\/"]},{"@type":"Person","@id":"https:\/\/iddocente.com\/#\/schema\/person\/640d86fb276c3e2b032e21567691977d","name":"idDOCENTE","image":{"@type":"ImageObject","inLanguage":"ca","@id":"https:\/\/secure.gravatar.com\/avatar\/93e9c486834ddfb4122a769285ed5cb0bf26b3a5a32598e1cf8abe0654241f90?s=96&d=mm&r=g","url":"https:\/\/secure.gravatar.com\/avatar\/93e9c486834ddfb4122a769285ed5cb0bf26b3a5a32598e1cf8abe0654241f90?s=96&d=mm&r=g","contentUrl":"https:\/\/secure.gravatar.com\/avatar\/93e9c486834ddfb4122a769285ed5cb0bf26b3a5a32598e1cf8abe0654241f90?s=96&d=mm&r=g","caption":"idDOCENTE"}}]}},"_links":{"self":[{"href":"https:\/\/iddocente.com\/ca\/wp-json\/wp\/v2\/posts\/49332","targetHints":{"allow":["GET"]}}],"collection":[{"href":"https:\/\/iddocente.com\/ca\/wp-json\/wp\/v2\/posts"}],"about":[{"href":"https:\/\/iddocente.com\/ca\/wp-json\/wp\/v2\/types\/post"}],"author":[{"embeddable":true,"href":"https:\/\/iddocente.com\/ca\/wp-json\/wp\/v2\/users\/2"}],"replies":[{"embeddable":true,"href":"https:\/\/iddocente.com\/ca\/wp-json\/wp\/v2\/comments?post=49332"}],"version-history":[{"count":4,"href":"https:\/\/iddocente.com\/ca\/wp-json\/wp\/v2\/posts\/49332\/revisions"}],"predecessor-version":[{"id":49340,"href":"https:\/\/iddocente.com\/ca\/wp-json\/wp\/v2\/posts\/49332\/revisions\/49340"}],"wp:featuredmedia":[{"embeddable":true,"href":"https:\/\/iddocente.com\/ca\/wp-json\/wp\/v2\/media\/49331"}],"wp:attachment":[{"href":"https:\/\/iddocente.com\/ca\/wp-json\/wp\/v2\/media?parent=49332"}],"wp:term":[{"taxonomy":"category","embeddable":true,"href":"https:\/\/iddocente.com\/ca\/wp-json\/wp\/v2\/categories?post=49332"},{"taxonomy":"post_tag","embeddable":true,"href":"https:\/\/iddocente.com\/ca\/wp-json\/wp\/v2\/tags?post=49332"}],"curies":[{"name":"wp","href":"https:\/\/api.w.org\/{rel}","templated":true}]}}