{"id":49194,"date":"2026-01-13T17:04:03","date_gmt":"2026-01-13T16:04:03","guid":{"rendered":"https:\/\/iddocente.com\/educacio-basada-en-evidencies-i-el-seu-valor-en-la-practica-docent\/"},"modified":"2026-01-14T09:28:52","modified_gmt":"2026-01-14T08:28:52","slug":"educacio-basada-en-evidencies-i-el-seu-valor-en-la-practica-docent","status":"publish","type":"post","link":"https:\/\/iddocente.com\/ca\/educacio-basada-en-evidencies-i-el-seu-valor-en-la-practica-docent\/","title":{"rendered":"Educaci\u00f3 Basada en Evid\u00e8ncies i el seu valor en la pr\u00e0ctica docent"},"content":{"rendered":"<p>En els \u00faltims anys, l\u2019\u00e0mbit educatiu ha experimentat una proliferaci\u00f3 constant de metodologies, enfocaments i propostes innovadores. Moltes d\u2019elles arriben a les aules acompanyades d\u2019un discurs atractiu, per\u00f2 no sempre estan avalades per proves s\u00f2lides sobre la seva efic\u00e0cia real. En aquest context, l\u2019Educaci\u00f3 Basada en Evid\u00e8ncies (EBE) <strong>emergeix com un enfocament clau per enfortir la pr\u00e0ctica docent i millorar els resultats<\/strong> educatius.<\/p>\n<p>&nbsp;<\/p>\n<h2>Qu\u00e8 entenem per Educaci\u00f3 Basada en Evid\u00e8ncies?<\/h2>\n<p>L\u2019Educaci\u00f3 Basada en Evid\u00e8ncies \u00e9s un enfocament que proposa que les decisions educatives, tant a l\u2019aula com a nivell de centre, <strong>es fonamentin en la millor evid\u00e8ncia cient\u00edfica disponible<\/strong>, combinada amb l\u2019experi\u00e8ncia professional del docent i les caracter\u00edstiques del context educatiu.<\/p>\n<p>No es tracta d\u2019aplicar receptes universals ni de traslladar mec\u00e0nicament els resultats de la recerca a l\u2019aula. L\u2019EBE parteix de la idea que la recerca educativa pot oferir orientacions valuoses sobre quines pr\u00e0ctiques tenen m\u00e9s probabilitat de funcionar, sota determinades condicions.<\/p>\n<p>En aquest sentit, <strong>l\u2019evid\u00e8ncia cient\u00edfica esdev\u00e9 una eina per a la presa de decisions pedag\u00f2giques<\/strong>, no pas una imposici\u00f3 externa.<\/p>\n<p>&nbsp;<\/p>\n<h2>Qu\u00e8 no \u00e9s l\u2019Educaci\u00f3 Basada en Evid\u00e8ncies?<\/h2>\n<p>Per comprendre b\u00e9 l\u2019enfocament, <strong>\u00e9s important aclarir alguns malentesos<\/strong> freq\u00fcents:<\/p>\n<ul>\n<li>L\u2019EBE no elimina l\u2019autonomia professional del docent. Al contrari, refor\u00e7a el seu paper com a professional reflexiu.<\/li>\n<li>No consisteix a seguir modes educatives ni tend\u00e8ncies medi\u00e0tiques.<\/li>\n<li>No implica que tot all\u00f2 que no estigui investigat no tingui valor, sin\u00f3 que convida a ser prudents i cr\u00edtics.<\/li>\n<li>No substitueix el coneixement del context ni dels alumnes, sin\u00f3 que el complementa.<\/li>\n<\/ul>\n<p>&nbsp;<\/p>\n<p>L\u2019Educaci\u00f3 Basada en Evid\u00e8ncies no busca uniformitzar l\u2019ensenyament, sin\u00f3 millorar la qualitat de les decisions educatives.<\/p>\n<p>&nbsp;<\/p>\n<h2>Per qu\u00e8 hauria d\u2019importar l\u2019EBE als docents?<\/h2>\n<p>Hi ha diverses raons per les quals aquest enfocament resulta especialment rellevant per a la pr\u00e0ctica docent:<\/p>\n<ol>\n<li><strong>Perqu\u00e8 no tot funciona igual<\/strong>: la recerca educativa ha demostrat que algunes pr\u00e0ctiques tenen un impacte significativament major que d\u2019altres en l\u2019aprenentatge de l\u2019alumnat. Con\u00e8ixer aquestes evid\u00e8ncies permet prioritzar estrat\u00e8gies amb m\u00e9s probabilitat d\u2019\u00e8xit.<\/li>\n<li><strong>Perqu\u00e8 ajuda a discriminar entre innovaci\u00f3 i ocurr\u00e8ncia<\/strong>: en un escenari saturat de propostes metodol\u00f2giques, l\u2019EBE ofereix criteris per diferenciar entre innovacions fonamentades i enfocaments sense suport emp\u00edric.<\/li>\n<li><strong>Perqu\u00e8 refor\u00e7a la professionalitat docent<\/strong>: prendre decisions basades en evid\u00e8ncies enforteix la identitat del docent com a professional qualificat, capa\u00e7 de justificar pedag\u00f2gicament la seva pr\u00e0ctica.<\/li>\n<li><strong>Perqu\u00e8 millora l\u2019equitat educativa<\/strong>: aplicar pr\u00e0ctiques amb suport cient\u00edfic contribueix a reduir l\u2019arbitrarietat i afavoreix una educaci\u00f3 m\u00e9s justa, especialment per a l\u2019alumnat m\u00e9s vulnerable.<\/li>\n<li><strong>Perqu\u00e8 connecta formaci\u00f3, pr\u00e0ctica i millora cont\u00ednua<\/strong>: l\u2019EBE impulsa una cultura d\u2019avaluaci\u00f3, reflexi\u00f3 i millora, tant a nivell individual com de centre educatiu.<\/li>\n<\/ol>\n<p>&nbsp;<\/p>\n<h2>Evid\u00e8ncia, experi\u00e8ncia i context: un equilibri necessari<\/h2>\n<p>Un dels principis clau de l\u2019Educaci\u00f3 Basada en Evid\u00e8ncies \u00e9s l\u2019equilibri entre tres elements:<\/p>\n<ul>\n<li><strong>L\u2019evid\u00e8ncia cient\u00edfica<\/strong>, procedent d\u2019investigacions rigoroses (meta-an\u00e0lisis, revisions sistem\u00e0tiques, estudis ben dissenyats).<\/li>\n<li><strong>L\u2019experi\u00e8ncia professional del docent<\/strong>, fruit de la pr\u00e0ctica reflexiva.<\/li>\n<li><strong>El context educatiu<\/strong>, que inclou l\u2019alumnat, el centre, la comunitat i els recursos disponibles.<\/li>\n<\/ul>\n<p>&nbsp;<\/p>\n<p>La qualitat de la pr\u00e0ctica docent no dep\u00e8n nom\u00e9s de con\u00e8ixer \u201cqu\u00e8 funciona\u201d, sin\u00f3 de saber quan, com i per a qui funciona.<\/p>\n<p>&nbsp;<\/p>\n<h2>Cap a una cultura educativa basada en evid\u00e8ncies<\/h2>\n<p>Adoptar l\u2019Educaci\u00f3 Basada en Evid\u00e8ncies no \u00e9s un canvi immediat ni senzill. Implica desenvolupar compet\u00e8ncies com la lectura cr\u00edtica d\u2019investigacions, l\u2019avaluaci\u00f3 de la pr\u00f2pia pr\u00e0ctica i el treball col\u00b7laboratiu entre docents.<\/p>\n<p>Tanmateix, <strong>avan\u00e7ar cap a aquest enfocament suposa un pas decisiu cap a una educaci\u00f3 m\u00e9s s\u00f2lida, coherent i professional<\/strong>, en qu\u00e8 les decisions pedag\u00f2giques es recolzen en alguna cosa m\u00e9s que la intu\u00efci\u00f3 o la moda del moment.<\/p>\n<p>L\u2019Educaci\u00f3 Basada en Evid\u00e8ncies no pret\u00e9n oferir solucions simples a problemes complexos, sin\u00f3 millors preguntes i millors decisions. Per als docents, <strong>representa una oportunitat per refor\u00e7ar la seva pr\u00e0ctica, la seva autonomia professional i el seu impacte real en l\u2019aprenentatge de l\u2019alumnat<\/strong>.<\/p>\n<p>En un context educatiu cada cop m\u00e9s exigent, educar amb evid\u00e8ncies no \u00e9s una opci\u00f3 ideol\u00f2gica, sin\u00f3 una responsabilitat professional.<\/p>\n","protected":false},"excerpt":{"rendered":"<p>En els \u00faltims anys, l\u2019\u00e0mbit educatiu ha experimentat una proliferaci\u00f3 constant de metodologies, enfocaments i propostes innovadores. Moltes d\u2019elles arriben a les aules acompanyades d\u2019un discurs atractiu, per\u00f2 no sempre estan avalades per proves s\u00f2lides sobre la seva efic\u00e0cia real. En aquest context, l\u2019Educaci\u00f3 Basada en Evid\u00e8ncies (EBE) emergeix com un enfocament clau per enfortir [&hellip;]<\/p>\n","protected":false},"author":2,"featured_media":49193,"comment_status":"open","ping_status":"closed","sticky":false,"template":"","format":"standard","meta":{"_acf_changed":false,"footnotes":""},"categories":[1257],"tags":[1329,1496,1495,1497,1494,1451,1219],"class_list":["post-49194","post","type-post","status-publish","format-standard","has-post-thumbnail","hentry","category-metodologies","tag-aprendizaje-ca","tag-ebe","tag-educacio-basada-en-evidencies","tag-evidencia","tag-experiencia","tag-metodologia-ca","tag-resultats"],"acf":[],"yoast_head":"<!-- This site is optimized with the Yoast SEO plugin v27.3 - https:\/\/yoast.com\/product\/yoast-seo-wordpress\/ -->\n<title>Educaci\u00f3 Basada en Evid\u00e8ncies i el seu valor en la pr\u00e0ctica docent | idDOCENTE<\/title>\n<meta name=\"description\" content=\"Descobreix qu\u00e8 \u00e9s l\u2019Educaci\u00f3 Basada en Evid\u00e8ncies i per qu\u00e8 \u00e9s clau per als docents que volen prendre decisions educatives efectives\" \/>\n<meta name=\"robots\" content=\"index, follow, max-snippet:-1, max-image-preview:large, max-video-preview:-1\" \/>\n<link rel=\"canonical\" href=\"https:\/\/iddocente.com\/ca\/educacio-basada-en-evidencies-i-el-seu-valor-en-la-practica-docent\/\" \/>\n<meta property=\"og:locale\" content=\"ca_ES\" \/>\n<meta property=\"og:type\" content=\"article\" \/>\n<meta property=\"og:title\" content=\"Educaci\u00f3 Basada en Evid\u00e8ncies i el seu valor en la pr\u00e0ctica docent | idDOCENTE\" \/>\n<meta property=\"og:description\" content=\"Descobreix qu\u00e8 \u00e9s l\u2019Educaci\u00f3 Basada en Evid\u00e8ncies i per qu\u00e8 \u00e9s clau per als docents que volen prendre decisions educatives efectives\" \/>\n<meta property=\"og:url\" content=\"https:\/\/iddocente.com\/ca\/educacio-basada-en-evidencies-i-el-seu-valor-en-la-practica-docent\/\" \/>\n<meta property=\"og:site_name\" content=\"idDOCENTE\" \/>\n<meta property=\"article:publisher\" content=\"https:\/\/www.facebook.com\/IDDInnovacionDesarrolloDocente\" \/>\n<meta property=\"article:published_time\" content=\"2026-01-13T16:04:03+00:00\" \/>\n<meta property=\"article:modified_time\" content=\"2026-01-14T08:28:52+00:00\" \/>\n<meta property=\"og:image\" content=\"https:\/\/iddocente.com\/wp-content\/uploads\/2026\/01\/idd_educacion_basada_evidencias.jpg\" \/>\n\t<meta property=\"og:image:width\" content=\"840\" \/>\n\t<meta property=\"og:image:height\" content=\"400\" \/>\n\t<meta property=\"og:image:type\" content=\"image\/jpeg\" \/>\n<meta name=\"author\" content=\"idDOCENTE\" \/>\n<meta name=\"twitter:card\" content=\"summary_large_image\" \/>\n<meta name=\"twitter:creator\" content=\"@id_DOCENTE\" \/>\n<meta name=\"twitter:site\" content=\"@id_DOCENTE\" \/>\n<meta name=\"twitter:label1\" content=\"Escrit per\" \/>\n\t<meta name=\"twitter:data1\" content=\"idDOCENTE\" \/>\n\t<meta name=\"twitter:label2\" content=\"Temps estimat de lectura\" \/>\n\t<meta name=\"twitter:data2\" content=\"4 minuts\" \/>\n<script type=\"application\/ld+json\" class=\"yoast-schema-graph\">{\"@context\":\"https:\\\/\\\/schema.org\",\"@graph\":[{\"@type\":\"Article\",\"@id\":\"https:\\\/\\\/iddocente.com\\\/ca\\\/educacio-basada-en-evidencies-i-el-seu-valor-en-la-practica-docent\\\/#article\",\"isPartOf\":{\"@id\":\"https:\\\/\\\/iddocente.com\\\/ca\\\/educacio-basada-en-evidencies-i-el-seu-valor-en-la-practica-docent\\\/\"},\"author\":{\"name\":\"idDOCENTE\",\"@id\":\"https:\\\/\\\/iddocente.com\\\/#\\\/schema\\\/person\\\/640d86fb276c3e2b032e21567691977d\"},\"headline\":\"Educaci\u00f3 Basada en Evid\u00e8ncies i el seu valor en la pr\u00e0ctica docent\",\"datePublished\":\"2026-01-13T16:04:03+00:00\",\"dateModified\":\"2026-01-14T08:28:52+00:00\",\"mainEntityOfPage\":{\"@id\":\"https:\\\/\\\/iddocente.com\\\/ca\\\/educacio-basada-en-evidencies-i-el-seu-valor-en-la-practica-docent\\\/\"},\"wordCount\":778,\"commentCount\":0,\"publisher\":{\"@id\":\"https:\\\/\\\/iddocente.com\\\/#organization\"},\"image\":{\"@id\":\"https:\\\/\\\/iddocente.com\\\/ca\\\/educacio-basada-en-evidencies-i-el-seu-valor-en-la-practica-docent\\\/#primaryimage\"},\"thumbnailUrl\":\"https:\\\/\\\/iddocente.com\\\/wp-content\\\/uploads\\\/2026\\\/01\\\/idd_educacion_basada_evidencias.jpg\",\"keywords\":[\"aprendizaje\",\"ebe\",\"educaci\u00f3 basada en evid\u00e8ncies\",\"evid\u00e8ncia\",\"experi\u00e8ncia\",\"metodologia\",\"resultats\"],\"articleSection\":[\"METODOLOGIES\"],\"inLanguage\":\"ca\",\"potentialAction\":[{\"@type\":\"CommentAction\",\"name\":\"Comment\",\"target\":[\"https:\\\/\\\/iddocente.com\\\/ca\\\/educacio-basada-en-evidencies-i-el-seu-valor-en-la-practica-docent\\\/#respond\"]}]},{\"@type\":\"WebPage\",\"@id\":\"https:\\\/\\\/iddocente.com\\\/ca\\\/educacio-basada-en-evidencies-i-el-seu-valor-en-la-practica-docent\\\/\",\"url\":\"https:\\\/\\\/iddocente.com\\\/ca\\\/educacio-basada-en-evidencies-i-el-seu-valor-en-la-practica-docent\\\/\",\"name\":\"Educaci\u00f3 Basada en Evid\u00e8ncies i el seu valor en la pr\u00e0ctica docent | idDOCENTE\",\"isPartOf\":{\"@id\":\"https:\\\/\\\/iddocente.com\\\/#website\"},\"primaryImageOfPage\":{\"@id\":\"https:\\\/\\\/iddocente.com\\\/ca\\\/educacio-basada-en-evidencies-i-el-seu-valor-en-la-practica-docent\\\/#primaryimage\"},\"image\":{\"@id\":\"https:\\\/\\\/iddocente.com\\\/ca\\\/educacio-basada-en-evidencies-i-el-seu-valor-en-la-practica-docent\\\/#primaryimage\"},\"thumbnailUrl\":\"https:\\\/\\\/iddocente.com\\\/wp-content\\\/uploads\\\/2026\\\/01\\\/idd_educacion_basada_evidencias.jpg\",\"datePublished\":\"2026-01-13T16:04:03+00:00\",\"dateModified\":\"2026-01-14T08:28:52+00:00\",\"description\":\"Descobreix qu\u00e8 \u00e9s l\u2019Educaci\u00f3 Basada en Evid\u00e8ncies i per qu\u00e8 \u00e9s clau per als docents que volen prendre decisions educatives efectives\",\"breadcrumb\":{\"@id\":\"https:\\\/\\\/iddocente.com\\\/ca\\\/educacio-basada-en-evidencies-i-el-seu-valor-en-la-practica-docent\\\/#breadcrumb\"},\"inLanguage\":\"ca\",\"potentialAction\":[{\"@type\":\"ReadAction\",\"target\":[\"https:\\\/\\\/iddocente.com\\\/ca\\\/educacio-basada-en-evidencies-i-el-seu-valor-en-la-practica-docent\\\/\"]}]},{\"@type\":\"ImageObject\",\"inLanguage\":\"ca\",\"@id\":\"https:\\\/\\\/iddocente.com\\\/ca\\\/educacio-basada-en-evidencies-i-el-seu-valor-en-la-practica-docent\\\/#primaryimage\",\"url\":\"https:\\\/\\\/iddocente.com\\\/wp-content\\\/uploads\\\/2026\\\/01\\\/idd_educacion_basada_evidencias.jpg\",\"contentUrl\":\"https:\\\/\\\/iddocente.com\\\/wp-content\\\/uploads\\\/2026\\\/01\\\/idd_educacion_basada_evidencias.jpg\",\"width\":840,\"height\":400,\"caption\":\"educaci\u00f3 basada evid\u00e8ncies\"},{\"@type\":\"BreadcrumbList\",\"@id\":\"https:\\\/\\\/iddocente.com\\\/ca\\\/educacio-basada-en-evidencies-i-el-seu-valor-en-la-practica-docent\\\/#breadcrumb\",\"itemListElement\":[{\"@type\":\"ListItem\",\"position\":1,\"name\":\"Portada\",\"item\":\"https:\\\/\\\/iddocente.com\\\/ca\\\/\"},{\"@type\":\"ListItem\",\"position\":2,\"name\":\"Educaci\u00f3 Basada en Evid\u00e8ncies i el seu valor en la pr\u00e0ctica docent\"}]},{\"@type\":\"WebSite\",\"@id\":\"https:\\\/\\\/iddocente.com\\\/#website\",\"url\":\"https:\\\/\\\/iddocente.com\\\/\",\"name\":\"idDOCENTE\",\"description\":\"Formaci\u00f3n online para docentes y centros educativos\",\"publisher\":{\"@id\":\"https:\\\/\\\/iddocente.com\\\/#organization\"},\"potentialAction\":[{\"@type\":\"SearchAction\",\"target\":{\"@type\":\"EntryPoint\",\"urlTemplate\":\"https:\\\/\\\/iddocente.com\\\/?s={search_term_string}\"},\"query-input\":{\"@type\":\"PropertyValueSpecification\",\"valueRequired\":true,\"valueName\":\"search_term_string\"}}],\"inLanguage\":\"ca\"},{\"@type\":\"Organization\",\"@id\":\"https:\\\/\\\/iddocente.com\\\/#organization\",\"name\":\"idDOCENTE\",\"url\":\"https:\\\/\\\/iddocente.com\\\/\",\"logo\":{\"@type\":\"ImageObject\",\"inLanguage\":\"ca\",\"@id\":\"https:\\\/\\\/iddocente.com\\\/#\\\/schema\\\/logo\\\/image\\\/\",\"url\":\"https:\\\/\\\/iddocente.com\\\/wp-content\\\/uploads\\\/2017\\\/01\\\/logo-colored-295x109.png\",\"contentUrl\":\"https:\\\/\\\/iddocente.com\\\/wp-content\\\/uploads\\\/2017\\\/01\\\/logo-colored-295x109.png\",\"width\":298,\"height\":110,\"caption\":\"idDOCENTE\"},\"image\":{\"@id\":\"https:\\\/\\\/iddocente.com\\\/#\\\/schema\\\/logo\\\/image\\\/\"},\"sameAs\":[\"https:\\\/\\\/www.facebook.com\\\/IDDInnovacionDesarrolloDocente\",\"https:\\\/\\\/x.com\\\/id_DOCENTE\",\"https:\\\/\\\/www.instagram.com\\\/iddocente\\\/\",\"https:\\\/\\\/www.linkedin.com\\\/company\\\/iddocente\\\/\"]},{\"@type\":\"Person\",\"@id\":\"https:\\\/\\\/iddocente.com\\\/#\\\/schema\\\/person\\\/640d86fb276c3e2b032e21567691977d\",\"name\":\"idDOCENTE\",\"image\":{\"@type\":\"ImageObject\",\"inLanguage\":\"ca\",\"@id\":\"https:\\\/\\\/secure.gravatar.com\\\/avatar\\\/93e9c486834ddfb4122a769285ed5cb0bf26b3a5a32598e1cf8abe0654241f90?s=96&d=mm&r=g\",\"url\":\"https:\\\/\\\/secure.gravatar.com\\\/avatar\\\/93e9c486834ddfb4122a769285ed5cb0bf26b3a5a32598e1cf8abe0654241f90?s=96&d=mm&r=g\",\"contentUrl\":\"https:\\\/\\\/secure.gravatar.com\\\/avatar\\\/93e9c486834ddfb4122a769285ed5cb0bf26b3a5a32598e1cf8abe0654241f90?s=96&d=mm&r=g\",\"caption\":\"idDOCENTE\"}}]}<\/script>\n<!-- \/ Yoast SEO plugin. -->","yoast_head_json":{"title":"Educaci\u00f3 Basada en Evid\u00e8ncies i el seu valor en la pr\u00e0ctica docent | idDOCENTE","description":"Descobreix qu\u00e8 \u00e9s l\u2019Educaci\u00f3 Basada en Evid\u00e8ncies i per qu\u00e8 \u00e9s clau per als docents que volen prendre decisions educatives efectives","robots":{"index":"index","follow":"follow","max-snippet":"max-snippet:-1","max-image-preview":"max-image-preview:large","max-video-preview":"max-video-preview:-1"},"canonical":"https:\/\/iddocente.com\/ca\/educacio-basada-en-evidencies-i-el-seu-valor-en-la-practica-docent\/","og_locale":"ca_ES","og_type":"article","og_title":"Educaci\u00f3 Basada en Evid\u00e8ncies i el seu valor en la pr\u00e0ctica docent | idDOCENTE","og_description":"Descobreix qu\u00e8 \u00e9s l\u2019Educaci\u00f3 Basada en Evid\u00e8ncies i per qu\u00e8 \u00e9s clau per als docents que volen prendre decisions educatives efectives","og_url":"https:\/\/iddocente.com\/ca\/educacio-basada-en-evidencies-i-el-seu-valor-en-la-practica-docent\/","og_site_name":"idDOCENTE","article_publisher":"https:\/\/www.facebook.com\/IDDInnovacionDesarrolloDocente","article_published_time":"2026-01-13T16:04:03+00:00","article_modified_time":"2026-01-14T08:28:52+00:00","og_image":[{"width":840,"height":400,"url":"https:\/\/iddocente.com\/wp-content\/uploads\/2026\/01\/idd_educacion_basada_evidencias.jpg","type":"image\/jpeg"}],"author":"idDOCENTE","twitter_card":"summary_large_image","twitter_creator":"@id_DOCENTE","twitter_site":"@id_DOCENTE","twitter_misc":{"Escrit per":"idDOCENTE","Temps estimat de lectura":"4 minuts"},"schema":{"@context":"https:\/\/schema.org","@graph":[{"@type":"Article","@id":"https:\/\/iddocente.com\/ca\/educacio-basada-en-evidencies-i-el-seu-valor-en-la-practica-docent\/#article","isPartOf":{"@id":"https:\/\/iddocente.com\/ca\/educacio-basada-en-evidencies-i-el-seu-valor-en-la-practica-docent\/"},"author":{"name":"idDOCENTE","@id":"https:\/\/iddocente.com\/#\/schema\/person\/640d86fb276c3e2b032e21567691977d"},"headline":"Educaci\u00f3 Basada en Evid\u00e8ncies i el seu valor en la pr\u00e0ctica docent","datePublished":"2026-01-13T16:04:03+00:00","dateModified":"2026-01-14T08:28:52+00:00","mainEntityOfPage":{"@id":"https:\/\/iddocente.com\/ca\/educacio-basada-en-evidencies-i-el-seu-valor-en-la-practica-docent\/"},"wordCount":778,"commentCount":0,"publisher":{"@id":"https:\/\/iddocente.com\/#organization"},"image":{"@id":"https:\/\/iddocente.com\/ca\/educacio-basada-en-evidencies-i-el-seu-valor-en-la-practica-docent\/#primaryimage"},"thumbnailUrl":"https:\/\/iddocente.com\/wp-content\/uploads\/2026\/01\/idd_educacion_basada_evidencias.jpg","keywords":["aprendizaje","ebe","educaci\u00f3 basada en evid\u00e8ncies","evid\u00e8ncia","experi\u00e8ncia","metodologia","resultats"],"articleSection":["METODOLOGIES"],"inLanguage":"ca","potentialAction":[{"@type":"CommentAction","name":"Comment","target":["https:\/\/iddocente.com\/ca\/educacio-basada-en-evidencies-i-el-seu-valor-en-la-practica-docent\/#respond"]}]},{"@type":"WebPage","@id":"https:\/\/iddocente.com\/ca\/educacio-basada-en-evidencies-i-el-seu-valor-en-la-practica-docent\/","url":"https:\/\/iddocente.com\/ca\/educacio-basada-en-evidencies-i-el-seu-valor-en-la-practica-docent\/","name":"Educaci\u00f3 Basada en Evid\u00e8ncies i el seu valor en la pr\u00e0ctica docent | idDOCENTE","isPartOf":{"@id":"https:\/\/iddocente.com\/#website"},"primaryImageOfPage":{"@id":"https:\/\/iddocente.com\/ca\/educacio-basada-en-evidencies-i-el-seu-valor-en-la-practica-docent\/#primaryimage"},"image":{"@id":"https:\/\/iddocente.com\/ca\/educacio-basada-en-evidencies-i-el-seu-valor-en-la-practica-docent\/#primaryimage"},"thumbnailUrl":"https:\/\/iddocente.com\/wp-content\/uploads\/2026\/01\/idd_educacion_basada_evidencias.jpg","datePublished":"2026-01-13T16:04:03+00:00","dateModified":"2026-01-14T08:28:52+00:00","description":"Descobreix qu\u00e8 \u00e9s l\u2019Educaci\u00f3 Basada en Evid\u00e8ncies i per qu\u00e8 \u00e9s clau per als docents que volen prendre decisions educatives efectives","breadcrumb":{"@id":"https:\/\/iddocente.com\/ca\/educacio-basada-en-evidencies-i-el-seu-valor-en-la-practica-docent\/#breadcrumb"},"inLanguage":"ca","potentialAction":[{"@type":"ReadAction","target":["https:\/\/iddocente.com\/ca\/educacio-basada-en-evidencies-i-el-seu-valor-en-la-practica-docent\/"]}]},{"@type":"ImageObject","inLanguage":"ca","@id":"https:\/\/iddocente.com\/ca\/educacio-basada-en-evidencies-i-el-seu-valor-en-la-practica-docent\/#primaryimage","url":"https:\/\/iddocente.com\/wp-content\/uploads\/2026\/01\/idd_educacion_basada_evidencias.jpg","contentUrl":"https:\/\/iddocente.com\/wp-content\/uploads\/2026\/01\/idd_educacion_basada_evidencias.jpg","width":840,"height":400,"caption":"educaci\u00f3 basada evid\u00e8ncies"},{"@type":"BreadcrumbList","@id":"https:\/\/iddocente.com\/ca\/educacio-basada-en-evidencies-i-el-seu-valor-en-la-practica-docent\/#breadcrumb","itemListElement":[{"@type":"ListItem","position":1,"name":"Portada","item":"https:\/\/iddocente.com\/ca\/"},{"@type":"ListItem","position":2,"name":"Educaci\u00f3 Basada en Evid\u00e8ncies i el seu valor en la pr\u00e0ctica docent"}]},{"@type":"WebSite","@id":"https:\/\/iddocente.com\/#website","url":"https:\/\/iddocente.com\/","name":"idDOCENTE","description":"Formaci\u00f3n online para docentes y centros educativos","publisher":{"@id":"https:\/\/iddocente.com\/#organization"},"potentialAction":[{"@type":"SearchAction","target":{"@type":"EntryPoint","urlTemplate":"https:\/\/iddocente.com\/?s={search_term_string}"},"query-input":{"@type":"PropertyValueSpecification","valueRequired":true,"valueName":"search_term_string"}}],"inLanguage":"ca"},{"@type":"Organization","@id":"https:\/\/iddocente.com\/#organization","name":"idDOCENTE","url":"https:\/\/iddocente.com\/","logo":{"@type":"ImageObject","inLanguage":"ca","@id":"https:\/\/iddocente.com\/#\/schema\/logo\/image\/","url":"https:\/\/iddocente.com\/wp-content\/uploads\/2017\/01\/logo-colored-295x109.png","contentUrl":"https:\/\/iddocente.com\/wp-content\/uploads\/2017\/01\/logo-colored-295x109.png","width":298,"height":110,"caption":"idDOCENTE"},"image":{"@id":"https:\/\/iddocente.com\/#\/schema\/logo\/image\/"},"sameAs":["https:\/\/www.facebook.com\/IDDInnovacionDesarrolloDocente","https:\/\/x.com\/id_DOCENTE","https:\/\/www.instagram.com\/iddocente\/","https:\/\/www.linkedin.com\/company\/iddocente\/"]},{"@type":"Person","@id":"https:\/\/iddocente.com\/#\/schema\/person\/640d86fb276c3e2b032e21567691977d","name":"idDOCENTE","image":{"@type":"ImageObject","inLanguage":"ca","@id":"https:\/\/secure.gravatar.com\/avatar\/93e9c486834ddfb4122a769285ed5cb0bf26b3a5a32598e1cf8abe0654241f90?s=96&d=mm&r=g","url":"https:\/\/secure.gravatar.com\/avatar\/93e9c486834ddfb4122a769285ed5cb0bf26b3a5a32598e1cf8abe0654241f90?s=96&d=mm&r=g","contentUrl":"https:\/\/secure.gravatar.com\/avatar\/93e9c486834ddfb4122a769285ed5cb0bf26b3a5a32598e1cf8abe0654241f90?s=96&d=mm&r=g","caption":"idDOCENTE"}}]}},"_links":{"self":[{"href":"https:\/\/iddocente.com\/ca\/wp-json\/wp\/v2\/posts\/49194","targetHints":{"allow":["GET"]}}],"collection":[{"href":"https:\/\/iddocente.com\/ca\/wp-json\/wp\/v2\/posts"}],"about":[{"href":"https:\/\/iddocente.com\/ca\/wp-json\/wp\/v2\/types\/post"}],"author":[{"embeddable":true,"href":"https:\/\/iddocente.com\/ca\/wp-json\/wp\/v2\/users\/2"}],"replies":[{"embeddable":true,"href":"https:\/\/iddocente.com\/ca\/wp-json\/wp\/v2\/comments?post=49194"}],"version-history":[{"count":1,"href":"https:\/\/iddocente.com\/ca\/wp-json\/wp\/v2\/posts\/49194\/revisions"}],"predecessor-version":[{"id":49202,"href":"https:\/\/iddocente.com\/ca\/wp-json\/wp\/v2\/posts\/49194\/revisions\/49202"}],"wp:featuredmedia":[{"embeddable":true,"href":"https:\/\/iddocente.com\/ca\/wp-json\/wp\/v2\/media\/49193"}],"wp:attachment":[{"href":"https:\/\/iddocente.com\/ca\/wp-json\/wp\/v2\/media?parent=49194"}],"wp:term":[{"taxonomy":"category","embeddable":true,"href":"https:\/\/iddocente.com\/ca\/wp-json\/wp\/v2\/categories?post=49194"},{"taxonomy":"post_tag","embeddable":true,"href":"https:\/\/iddocente.com\/ca\/wp-json\/wp\/v2\/tags?post=49194"}],"curies":[{"name":"wp","href":"https:\/\/api.w.org\/{rel}","templated":true}]}}