{"id":46889,"date":"2025-10-10T12:01:11","date_gmt":"2025-10-10T10:01:11","guid":{"rendered":"https:\/\/iddocente.com\/informe-talis-2024-la-formacio-continua-motor-docent\/"},"modified":"2025-10-10T12:25:47","modified_gmt":"2025-10-10T10:25:47","slug":"informe-talis-2024-la-formacio-continua-motor-docent","status":"publish","type":"post","link":"https:\/\/iddocente.com\/ca\/informe-talis-2024-la-formacio-continua-motor-docent\/","title":{"rendered":"Informe TALIS 2024: la formaci\u00f3 cont\u00ednua, motor docent"},"content":{"rendered":"<p>L\u2019Estudi Internacional de l\u2019Ensenyament i de l\u2019Aprenentatge (TALIS, per les seves sigles en angl\u00e8s) \u00e9s una gran enquesta promoguda per l\u2019OCDE que dona veu al <strong>professorat i als equips directius de m\u00e9s de 50 pa\u00efsos<\/strong>. El seu objectiu \u00e9s con\u00e8ixer com viuen els docents la seva professi\u00f3, quines condicions tenen, quins reptes afronten i quins suports necessiten per continuar millorant.<\/p>\n<p>Espanya participa en aquest estudi des de la seva primera edici\u00f3, l\u2019any 2008, i l\u2019Informe <a href=\"https:\/\/www.educacionfpydeportes.gob.es\/inee\/evaluaciones-internacionales\/talis\/talis-2024.html\">TALIS 2024<\/a>, publicat el 7 d\u2019octubre de 2025 pel Ministeri d\u2019Educaci\u00f3, Formaci\u00f3 Professional i Esports, ofereix <strong>una radiografia actualitzada del sistema educatiu espanyol<\/strong> des de la perspectiva de qui \u00e9s cada dia a les aules.<\/p>\n<p>En aquesta edici\u00f3, un dels cap\u00edtols m\u00e9s reveladors \u00e9s el dedicat a la <strong>formaci\u00f3 cont\u00ednua del professorat<\/strong>: un \u00e0mbit que reflecteix tant el comprom\u00eds docent amb l\u2019aprenentatge permanent com els desafiaments pendents perqu\u00e8 aquest esfor\u00e7 tingui un impacte real.<\/p>\n<p>&nbsp;<\/p>\n<h2>Gaireb\u00e9 tot el professorat es forma\u2026 per\u00f2 no sempre en all\u00f2 que necessita<\/h2>\n<p>L\u2019estudi mostra que la formaci\u00f3 cont\u00ednua \u00e9s gaireb\u00e9 universal a Espanya. M\u00e9s del <strong>95 % del professorat<\/strong> participa en cursos, tallers o activitats formatives, una xifra que <strong>situa el nostre pa\u00eds entre els m\u00e9s actius de l\u2019OCDE<\/strong>. La majoria opta per una formaci\u00f3 pr\u00e0ctica i aplicada, especialment en metodologies actives, compet\u00e8ncies digitals o atenci\u00f3 a la diversitat.<\/p>\n<p>Tanmateix, el TALIS tamb\u00e9 adverteix que <strong>no tota la formaci\u00f3 respon a les veritables necessitats docents<\/strong>. \u00c0mbits clau com la inclusi\u00f3 educativa, la gesti\u00f3 emocional de l\u2019aula o la <a href=\"https:\/\/iddocente.com\/ca\/inteligencia-artificial\/\">Intel\u00b7lig\u00e8ncia Artificial aplicada a l\u2019educaci\u00f3<\/a> continuen essent \u00e0rees en qu\u00e8 el professorat demana m\u00e9s suport.<\/p>\n<figure id=\"attachment_46877\" aria-describedby=\"caption-attachment-46877\" style=\"width: 1024px\" class=\"wp-caption aligncenter\"><img fetchpriority=\"high\" decoding=\"async\" class=\"wp-image-46877 size-large\" src=\"https:\/\/iddocente.com\/wp-content\/uploads\/2025\/10\/talis1-1024x597.jpg\" alt=\"Informe Talis\" width=\"1024\" height=\"597\" srcset=\"https:\/\/iddocente.com\/wp-content\/uploads\/2025\/10\/talis1-1024x597.jpg 1024w, https:\/\/iddocente.com\/wp-content\/uploads\/2025\/10\/talis1-300x175.jpg 300w, https:\/\/iddocente.com\/wp-content\/uploads\/2025\/10\/talis1-768x448.jpg 768w, https:\/\/iddocente.com\/wp-content\/uploads\/2025\/10\/talis1-840x490.jpg 840w, https:\/\/iddocente.com\/wp-content\/uploads\/2025\/10\/talis1.jpg 1200w\" sizes=\"(max-width: 1024px) 100vw, 1024px\" \/><figcaption id=\"caption-attachment-46877\" class=\"wp-caption-text\">Modalidades de formaci\u00f3n continua en las que participa el profesorado en Espa\u00f1a y en el promedio de la OCDE (TALIS 2024). Fuente: Informe TALIS 2024 (OCDE \/ Ministerio de Educaci\u00f3n, Formaci\u00f3n Profesional y Deportes).<\/figcaption><\/figure>\n<p>&nbsp;<\/p>\n<h2>Les barreres: temps, c\u00e0rrega de treball i recursos<\/h2>\n<p>Les dades s\u00f3n clares: el principal obstacle per continuar formant-se \u00e9s la manca de temps. A la intensa c\u00e0rrega lectiva s\u2019hi afegeixen les tasques administratives, l\u2019atenci\u00f3 a la diversitat i les exig\u00e8ncies burocr\u00e0tiques. El professorat espanyol vol formar-se, per\u00f2 necessita espais reals i reconeguts per fer-ho. A m\u00e9s, molts docents assenyalen l\u2019escassa compensaci\u00f3 professional de la formaci\u00f3: invertir hores i esfor\u00e7 en aprendre no sempre es tradueix en reconeixement o en una millora de les condicions.<\/p>\n<p>&nbsp;<\/p>\n<h2>La formaci\u00f3 que t\u00e9 m\u00e9s impacte<\/h2>\n<p>Segons el TALIS, les accions m\u00e9s valorades pel professorat s\u00f3n les <strong>col\u00b7laboratives i centrades en la pr\u00e0ctica<\/strong>: comunitats d\u2019aprenentatge, observaci\u00f3 entre iguals, mentoratges i projectes compartits dins del centre. \u00c9s a dir, la formaci\u00f3 que parteix de l\u2019experi\u00e8ncia i hi torna: aprendre d\u2019altres docents, reflexionar sobre la pr\u00f2pia pr\u00e0ctica i aplicar els canvis de manera immediata. L\u2019estudi tamb\u00e9 destaca una tend\u00e8ncia creixent: <strong>l\u2019\u00fas d\u2019entorns en l\u00ednia i flexibles<\/strong>. La digitalitzaci\u00f3 ha democratitzat l\u2019acc\u00e9s a la formaci\u00f3, permetent que cada docent esculli el ritme i els temes que m\u00e9s s\u2019ajusten a la seva realitat.<\/p>\n<p>&nbsp;<\/p>\n<h2>Un nou horitz\u00f3: IA, sostenibilitat i benestar docent<\/h2>\n<p>L\u2019informe TALIS 2024 incorpora per primera vegada <strong>eixos emergents que redefiniran la formaci\u00f3 del professorat<\/strong> en els propers anys:<\/p>\n<ul>\n<li><strong>Intel\u00b7lig\u00e8ncia Artificial<\/strong>: com aprofitar-la sense perdre el focus hum\u00e0.<\/li>\n<li><strong>Educaci\u00f3 per a la sostenibilitat<\/strong>: integrar els ODS a l\u2019aula.<\/li>\n<li><strong>Aprenentatge socioemocional<\/strong>: tenir cura de les emocions pr\u00f2pies i de l\u2019alumnat.<\/li>\n<\/ul>\n<p>&nbsp;<\/p>\n<p>Aquests \u00e0mbits connecten directament amb els nous desafiaments educatius: preparar l\u2019alumnat per a un m\u00f3n canviant i, alhora, tenir cura del benestar del propi professorat.<\/p>\n<figure id=\"attachment_46880\" aria-describedby=\"caption-attachment-46880\" style=\"width: 1024px\" class=\"wp-caption aligncenter\"><img decoding=\"async\" class=\"wp-image-46880 size-large\" src=\"https:\/\/iddocente.com\/wp-content\/uploads\/2025\/10\/talis2-1024x597.jpg\" alt=\"informe talis\" width=\"1024\" height=\"597\" srcset=\"https:\/\/iddocente.com\/wp-content\/uploads\/2025\/10\/talis2-1024x597.jpg 1024w, https:\/\/iddocente.com\/wp-content\/uploads\/2025\/10\/talis2-300x175.jpg 300w, https:\/\/iddocente.com\/wp-content\/uploads\/2025\/10\/talis2-768x448.jpg 768w, https:\/\/iddocente.com\/wp-content\/uploads\/2025\/10\/talis2-840x490.jpg 840w, https:\/\/iddocente.com\/wp-content\/uploads\/2025\/10\/talis2.jpg 1200w\" sizes=\"(max-width: 1024px) 100vw, 1024px\" \/><figcaption id=\"caption-attachment-46880\" class=\"wp-caption-text\">\u00c1mbitos en los que el profesorado considera que necesita m\u00e1s formaci\u00f3n, seg\u00fan el informe TALIS 2024. Fuente: OCDE \/ Ministerio de Educaci\u00f3n, Formaci\u00f3n Profesional y Deportes.<\/figcaption><\/figure>\n<p>&nbsp;<\/p>\n<h2>Formar-se \u00e9s cuidar-se<\/h2>\n<p>L\u2019informe TALIS 2024 confirma que e<strong>l professorat espanyol \u00e9s un dels m\u00e9s compromesos amb el seu desenvolupament professional<\/strong>. Per\u00f2 tamb\u00e9 recorda que la formaci\u00f3 no pot ser un esfor\u00e7 individual, sin\u00f3 una prioritat col\u00b7lectiva i institucional. Invertir en formaci\u00f3 docent \u00e9s invertir en la qualitat, la innovaci\u00f3 i el benestar de tot el sistema educatiu.<\/p>\n<p>Si vols accedir a l\u2019informe complet, te\u2019l pots descarregar des d\u2019aqu\u00ed: <a href=\"https:\/\/www.educacionfpydeportes.gob.es\/inee\/evaluaciones-internacionales\/talis\/talis-2024.html\">TALIS 2024<\/a>.<\/p>\n<p>I si t\u2019interessa continuar creixent com a docent, a iddocente hi trobar\u00e0s <a href=\"https:\/\/iddocente.com\/ca\/\">formaci\u00f3 en l\u00ednia per a docents i centres educatius<\/a> pr\u00e0ctica, actual i homologada, pensada per transformar la teva aula\u2026 i la teva manera d\u2019ensenyar.<\/p>\n","protected":false},"excerpt":{"rendered":"<p>L\u2019Estudi Internacional de l\u2019Ensenyament i de l\u2019Aprenentatge (TALIS, per les seves sigles en angl\u00e8s) \u00e9s una gran enquesta promoguda per l\u2019OCDE que dona veu al professorat i als equips directius de m\u00e9s de 50 pa\u00efsos. El seu objectiu \u00e9s con\u00e8ixer com viuen els docents la seva professi\u00f3, quines condicions tenen, quins reptes afronten i quins [&hellip;]<\/p>\n","protected":false},"author":2,"featured_media":46886,"comment_status":"open","ping_status":"closed","sticky":false,"template":"","format":"standard","meta":{"_acf_changed":false,"footnotes":""},"categories":[898],"tags":[950,1107,998,1449,1447,1226,1448],"class_list":["post-46889","post","type-post","status-publish","format-standard","has-post-thumbnail","hentry","category-educacio","tag-desenvolupament","tag-docent","tag-educacio-emocional","tag-formacio-continua","tag-informe-ca","tag-online-ca","tag-talis-ca"],"acf":[],"yoast_head":"<!-- This site is optimized with the Yoast SEO plugin v27.3 - https:\/\/yoast.com\/product\/yoast-seo-wordpress\/ -->\n<title>Informe TALIS 2024: la formaci\u00f3 cont\u00ednua, motor docent | idDOCENTE<\/title>\n<meta name=\"description\" content=\"L\u2019informe TALIS 2024 revela que la formaci\u00f3 cont\u00ednua \u00e9s clau per al benestar i el desenvolupament professional del professorat a Espanya\" \/>\n<meta name=\"robots\" content=\"index, follow, max-snippet:-1, max-image-preview:large, max-video-preview:-1\" \/>\n<link rel=\"canonical\" href=\"https:\/\/iddocente.com\/ca\/informe-talis-2024-la-formacio-continua-motor-docent\/\" \/>\n<meta property=\"og:locale\" content=\"ca_ES\" \/>\n<meta property=\"og:type\" content=\"article\" \/>\n<meta property=\"og:title\" content=\"Informe TALIS 2024: la formaci\u00f3 cont\u00ednua, motor docent | idDOCENTE\" \/>\n<meta property=\"og:description\" content=\"L\u2019informe TALIS 2024 revela que la formaci\u00f3 cont\u00ednua \u00e9s clau per al benestar i el desenvolupament professional del professorat a Espanya\" \/>\n<meta property=\"og:url\" content=\"https:\/\/iddocente.com\/ca\/informe-talis-2024-la-formacio-continua-motor-docent\/\" \/>\n<meta property=\"og:site_name\" content=\"idDOCENTE\" \/>\n<meta property=\"article:publisher\" content=\"https:\/\/www.facebook.com\/IDDInnovacionDesarrolloDocente\" \/>\n<meta property=\"article:published_time\" content=\"2025-10-10T10:01:11+00:00\" \/>\n<meta property=\"article:modified_time\" content=\"2025-10-10T10:25:47+00:00\" \/>\n<meta property=\"og:image\" content=\"https:\/\/iddocente.com\/wp-content\/uploads\/2025\/10\/idd_informe_talis.jpg\" \/>\n\t<meta property=\"og:image:width\" content=\"840\" \/>\n\t<meta property=\"og:image:height\" content=\"400\" \/>\n\t<meta property=\"og:image:type\" content=\"image\/jpeg\" \/>\n<meta name=\"author\" content=\"idDOCENTE\" \/>\n<meta name=\"twitter:card\" content=\"summary_large_image\" \/>\n<meta name=\"twitter:creator\" content=\"@id_DOCENTE\" \/>\n<meta name=\"twitter:site\" content=\"@id_DOCENTE\" \/>\n<meta name=\"twitter:label1\" content=\"Escrit per\" \/>\n\t<meta name=\"twitter:data1\" content=\"idDOCENTE\" \/>\n\t<meta name=\"twitter:label2\" content=\"Temps estimat de lectura\" \/>\n\t<meta name=\"twitter:data2\" content=\"4 minuts\" \/>\n<script type=\"application\/ld+json\" class=\"yoast-schema-graph\">{\"@context\":\"https:\\\/\\\/schema.org\",\"@graph\":[{\"@type\":\"Article\",\"@id\":\"https:\\\/\\\/iddocente.com\\\/ca\\\/informe-talis-2024-la-formacio-continua-motor-docent\\\/#article\",\"isPartOf\":{\"@id\":\"https:\\\/\\\/iddocente.com\\\/ca\\\/informe-talis-2024-la-formacio-continua-motor-docent\\\/\"},\"author\":{\"name\":\"idDOCENTE\",\"@id\":\"https:\\\/\\\/iddocente.com\\\/#\\\/schema\\\/person\\\/640d86fb276c3e2b032e21567691977d\"},\"headline\":\"Informe TALIS 2024: la formaci\u00f3 cont\u00ednua, motor docent\",\"datePublished\":\"2025-10-10T10:01:11+00:00\",\"dateModified\":\"2025-10-10T10:25:47+00:00\",\"mainEntityOfPage\":{\"@id\":\"https:\\\/\\\/iddocente.com\\\/ca\\\/informe-talis-2024-la-formacio-continua-motor-docent\\\/\"},\"wordCount\":795,\"commentCount\":0,\"publisher\":{\"@id\":\"https:\\\/\\\/iddocente.com\\\/#organization\"},\"image\":{\"@id\":\"https:\\\/\\\/iddocente.com\\\/ca\\\/informe-talis-2024-la-formacio-continua-motor-docent\\\/#primaryimage\"},\"thumbnailUrl\":\"https:\\\/\\\/iddocente.com\\\/wp-content\\\/uploads\\\/2025\\\/10\\\/idd_informe_talis.jpg\",\"keywords\":[\"desenvolupament\",\"docent\",\"educaci\u00f3 emocional\",\"formaci\u00f3 cont\u00ednua\",\"informe\",\"online\",\"talis\"],\"articleSection\":[\"EDUCACI\u00d3\"],\"inLanguage\":\"ca\",\"potentialAction\":[{\"@type\":\"CommentAction\",\"name\":\"Comment\",\"target\":[\"https:\\\/\\\/iddocente.com\\\/ca\\\/informe-talis-2024-la-formacio-continua-motor-docent\\\/#respond\"]}]},{\"@type\":\"WebPage\",\"@id\":\"https:\\\/\\\/iddocente.com\\\/ca\\\/informe-talis-2024-la-formacio-continua-motor-docent\\\/\",\"url\":\"https:\\\/\\\/iddocente.com\\\/ca\\\/informe-talis-2024-la-formacio-continua-motor-docent\\\/\",\"name\":\"Informe TALIS 2024: la formaci\u00f3 cont\u00ednua, motor docent | idDOCENTE\",\"isPartOf\":{\"@id\":\"https:\\\/\\\/iddocente.com\\\/#website\"},\"primaryImageOfPage\":{\"@id\":\"https:\\\/\\\/iddocente.com\\\/ca\\\/informe-talis-2024-la-formacio-continua-motor-docent\\\/#primaryimage\"},\"image\":{\"@id\":\"https:\\\/\\\/iddocente.com\\\/ca\\\/informe-talis-2024-la-formacio-continua-motor-docent\\\/#primaryimage\"},\"thumbnailUrl\":\"https:\\\/\\\/iddocente.com\\\/wp-content\\\/uploads\\\/2025\\\/10\\\/idd_informe_talis.jpg\",\"datePublished\":\"2025-10-10T10:01:11+00:00\",\"dateModified\":\"2025-10-10T10:25:47+00:00\",\"description\":\"L\u2019informe TALIS 2024 revela que la formaci\u00f3 cont\u00ednua \u00e9s clau per al benestar i el desenvolupament professional del professorat a Espanya\",\"breadcrumb\":{\"@id\":\"https:\\\/\\\/iddocente.com\\\/ca\\\/informe-talis-2024-la-formacio-continua-motor-docent\\\/#breadcrumb\"},\"inLanguage\":\"ca\",\"potentialAction\":[{\"@type\":\"ReadAction\",\"target\":[\"https:\\\/\\\/iddocente.com\\\/ca\\\/informe-talis-2024-la-formacio-continua-motor-docent\\\/\"]}]},{\"@type\":\"ImageObject\",\"inLanguage\":\"ca\",\"@id\":\"https:\\\/\\\/iddocente.com\\\/ca\\\/informe-talis-2024-la-formacio-continua-motor-docent\\\/#primaryimage\",\"url\":\"https:\\\/\\\/iddocente.com\\\/wp-content\\\/uploads\\\/2025\\\/10\\\/idd_informe_talis.jpg\",\"contentUrl\":\"https:\\\/\\\/iddocente.com\\\/wp-content\\\/uploads\\\/2025\\\/10\\\/idd_informe_talis.jpg\",\"width\":840,\"height\":400,\"caption\":\"informe talis\"},{\"@type\":\"BreadcrumbList\",\"@id\":\"https:\\\/\\\/iddocente.com\\\/ca\\\/informe-talis-2024-la-formacio-continua-motor-docent\\\/#breadcrumb\",\"itemListElement\":[{\"@type\":\"ListItem\",\"position\":1,\"name\":\"Portada\",\"item\":\"https:\\\/\\\/iddocente.com\\\/ca\\\/\"},{\"@type\":\"ListItem\",\"position\":2,\"name\":\"Informe TALIS 2024: la formaci\u00f3 cont\u00ednua, motor docent\"}]},{\"@type\":\"WebSite\",\"@id\":\"https:\\\/\\\/iddocente.com\\\/#website\",\"url\":\"https:\\\/\\\/iddocente.com\\\/\",\"name\":\"idDOCENTE\",\"description\":\"Formaci\u00f3n online para docentes y centros educativos\",\"publisher\":{\"@id\":\"https:\\\/\\\/iddocente.com\\\/#organization\"},\"potentialAction\":[{\"@type\":\"SearchAction\",\"target\":{\"@type\":\"EntryPoint\",\"urlTemplate\":\"https:\\\/\\\/iddocente.com\\\/?s={search_term_string}\"},\"query-input\":{\"@type\":\"PropertyValueSpecification\",\"valueRequired\":true,\"valueName\":\"search_term_string\"}}],\"inLanguage\":\"ca\"},{\"@type\":\"Organization\",\"@id\":\"https:\\\/\\\/iddocente.com\\\/#organization\",\"name\":\"idDOCENTE\",\"url\":\"https:\\\/\\\/iddocente.com\\\/\",\"logo\":{\"@type\":\"ImageObject\",\"inLanguage\":\"ca\",\"@id\":\"https:\\\/\\\/iddocente.com\\\/#\\\/schema\\\/logo\\\/image\\\/\",\"url\":\"https:\\\/\\\/iddocente.com\\\/wp-content\\\/uploads\\\/2017\\\/01\\\/logo-colored-295x109.png\",\"contentUrl\":\"https:\\\/\\\/iddocente.com\\\/wp-content\\\/uploads\\\/2017\\\/01\\\/logo-colored-295x109.png\",\"width\":298,\"height\":110,\"caption\":\"idDOCENTE\"},\"image\":{\"@id\":\"https:\\\/\\\/iddocente.com\\\/#\\\/schema\\\/logo\\\/image\\\/\"},\"sameAs\":[\"https:\\\/\\\/www.facebook.com\\\/IDDInnovacionDesarrolloDocente\",\"https:\\\/\\\/x.com\\\/id_DOCENTE\",\"https:\\\/\\\/www.instagram.com\\\/iddocente\\\/\",\"https:\\\/\\\/www.linkedin.com\\\/company\\\/iddocente\\\/\"]},{\"@type\":\"Person\",\"@id\":\"https:\\\/\\\/iddocente.com\\\/#\\\/schema\\\/person\\\/640d86fb276c3e2b032e21567691977d\",\"name\":\"idDOCENTE\",\"image\":{\"@type\":\"ImageObject\",\"inLanguage\":\"ca\",\"@id\":\"https:\\\/\\\/secure.gravatar.com\\\/avatar\\\/93e9c486834ddfb4122a769285ed5cb0bf26b3a5a32598e1cf8abe0654241f90?s=96&d=mm&r=g\",\"url\":\"https:\\\/\\\/secure.gravatar.com\\\/avatar\\\/93e9c486834ddfb4122a769285ed5cb0bf26b3a5a32598e1cf8abe0654241f90?s=96&d=mm&r=g\",\"contentUrl\":\"https:\\\/\\\/secure.gravatar.com\\\/avatar\\\/93e9c486834ddfb4122a769285ed5cb0bf26b3a5a32598e1cf8abe0654241f90?s=96&d=mm&r=g\",\"caption\":\"idDOCENTE\"}}]}<\/script>\n<!-- \/ Yoast SEO plugin. -->","yoast_head_json":{"title":"Informe TALIS 2024: la formaci\u00f3 cont\u00ednua, motor docent | idDOCENTE","description":"L\u2019informe TALIS 2024 revela que la formaci\u00f3 cont\u00ednua \u00e9s clau per al benestar i el desenvolupament professional del professorat a Espanya","robots":{"index":"index","follow":"follow","max-snippet":"max-snippet:-1","max-image-preview":"max-image-preview:large","max-video-preview":"max-video-preview:-1"},"canonical":"https:\/\/iddocente.com\/ca\/informe-talis-2024-la-formacio-continua-motor-docent\/","og_locale":"ca_ES","og_type":"article","og_title":"Informe TALIS 2024: la formaci\u00f3 cont\u00ednua, motor docent | idDOCENTE","og_description":"L\u2019informe TALIS 2024 revela que la formaci\u00f3 cont\u00ednua \u00e9s clau per al benestar i el desenvolupament professional del professorat a Espanya","og_url":"https:\/\/iddocente.com\/ca\/informe-talis-2024-la-formacio-continua-motor-docent\/","og_site_name":"idDOCENTE","article_publisher":"https:\/\/www.facebook.com\/IDDInnovacionDesarrolloDocente","article_published_time":"2025-10-10T10:01:11+00:00","article_modified_time":"2025-10-10T10:25:47+00:00","og_image":[{"width":840,"height":400,"url":"https:\/\/iddocente.com\/wp-content\/uploads\/2025\/10\/idd_informe_talis.jpg","type":"image\/jpeg"}],"author":"idDOCENTE","twitter_card":"summary_large_image","twitter_creator":"@id_DOCENTE","twitter_site":"@id_DOCENTE","twitter_misc":{"Escrit per":"idDOCENTE","Temps estimat de lectura":"4 minuts"},"schema":{"@context":"https:\/\/schema.org","@graph":[{"@type":"Article","@id":"https:\/\/iddocente.com\/ca\/informe-talis-2024-la-formacio-continua-motor-docent\/#article","isPartOf":{"@id":"https:\/\/iddocente.com\/ca\/informe-talis-2024-la-formacio-continua-motor-docent\/"},"author":{"name":"idDOCENTE","@id":"https:\/\/iddocente.com\/#\/schema\/person\/640d86fb276c3e2b032e21567691977d"},"headline":"Informe TALIS 2024: la formaci\u00f3 cont\u00ednua, motor docent","datePublished":"2025-10-10T10:01:11+00:00","dateModified":"2025-10-10T10:25:47+00:00","mainEntityOfPage":{"@id":"https:\/\/iddocente.com\/ca\/informe-talis-2024-la-formacio-continua-motor-docent\/"},"wordCount":795,"commentCount":0,"publisher":{"@id":"https:\/\/iddocente.com\/#organization"},"image":{"@id":"https:\/\/iddocente.com\/ca\/informe-talis-2024-la-formacio-continua-motor-docent\/#primaryimage"},"thumbnailUrl":"https:\/\/iddocente.com\/wp-content\/uploads\/2025\/10\/idd_informe_talis.jpg","keywords":["desenvolupament","docent","educaci\u00f3 emocional","formaci\u00f3 cont\u00ednua","informe","online","talis"],"articleSection":["EDUCACI\u00d3"],"inLanguage":"ca","potentialAction":[{"@type":"CommentAction","name":"Comment","target":["https:\/\/iddocente.com\/ca\/informe-talis-2024-la-formacio-continua-motor-docent\/#respond"]}]},{"@type":"WebPage","@id":"https:\/\/iddocente.com\/ca\/informe-talis-2024-la-formacio-continua-motor-docent\/","url":"https:\/\/iddocente.com\/ca\/informe-talis-2024-la-formacio-continua-motor-docent\/","name":"Informe TALIS 2024: la formaci\u00f3 cont\u00ednua, motor docent | idDOCENTE","isPartOf":{"@id":"https:\/\/iddocente.com\/#website"},"primaryImageOfPage":{"@id":"https:\/\/iddocente.com\/ca\/informe-talis-2024-la-formacio-continua-motor-docent\/#primaryimage"},"image":{"@id":"https:\/\/iddocente.com\/ca\/informe-talis-2024-la-formacio-continua-motor-docent\/#primaryimage"},"thumbnailUrl":"https:\/\/iddocente.com\/wp-content\/uploads\/2025\/10\/idd_informe_talis.jpg","datePublished":"2025-10-10T10:01:11+00:00","dateModified":"2025-10-10T10:25:47+00:00","description":"L\u2019informe TALIS 2024 revela que la formaci\u00f3 cont\u00ednua \u00e9s clau per al benestar i el desenvolupament professional del professorat a Espanya","breadcrumb":{"@id":"https:\/\/iddocente.com\/ca\/informe-talis-2024-la-formacio-continua-motor-docent\/#breadcrumb"},"inLanguage":"ca","potentialAction":[{"@type":"ReadAction","target":["https:\/\/iddocente.com\/ca\/informe-talis-2024-la-formacio-continua-motor-docent\/"]}]},{"@type":"ImageObject","inLanguage":"ca","@id":"https:\/\/iddocente.com\/ca\/informe-talis-2024-la-formacio-continua-motor-docent\/#primaryimage","url":"https:\/\/iddocente.com\/wp-content\/uploads\/2025\/10\/idd_informe_talis.jpg","contentUrl":"https:\/\/iddocente.com\/wp-content\/uploads\/2025\/10\/idd_informe_talis.jpg","width":840,"height":400,"caption":"informe talis"},{"@type":"BreadcrumbList","@id":"https:\/\/iddocente.com\/ca\/informe-talis-2024-la-formacio-continua-motor-docent\/#breadcrumb","itemListElement":[{"@type":"ListItem","position":1,"name":"Portada","item":"https:\/\/iddocente.com\/ca\/"},{"@type":"ListItem","position":2,"name":"Informe TALIS 2024: la formaci\u00f3 cont\u00ednua, motor docent"}]},{"@type":"WebSite","@id":"https:\/\/iddocente.com\/#website","url":"https:\/\/iddocente.com\/","name":"idDOCENTE","description":"Formaci\u00f3n online para docentes y centros educativos","publisher":{"@id":"https:\/\/iddocente.com\/#organization"},"potentialAction":[{"@type":"SearchAction","target":{"@type":"EntryPoint","urlTemplate":"https:\/\/iddocente.com\/?s={search_term_string}"},"query-input":{"@type":"PropertyValueSpecification","valueRequired":true,"valueName":"search_term_string"}}],"inLanguage":"ca"},{"@type":"Organization","@id":"https:\/\/iddocente.com\/#organization","name":"idDOCENTE","url":"https:\/\/iddocente.com\/","logo":{"@type":"ImageObject","inLanguage":"ca","@id":"https:\/\/iddocente.com\/#\/schema\/logo\/image\/","url":"https:\/\/iddocente.com\/wp-content\/uploads\/2017\/01\/logo-colored-295x109.png","contentUrl":"https:\/\/iddocente.com\/wp-content\/uploads\/2017\/01\/logo-colored-295x109.png","width":298,"height":110,"caption":"idDOCENTE"},"image":{"@id":"https:\/\/iddocente.com\/#\/schema\/logo\/image\/"},"sameAs":["https:\/\/www.facebook.com\/IDDInnovacionDesarrolloDocente","https:\/\/x.com\/id_DOCENTE","https:\/\/www.instagram.com\/iddocente\/","https:\/\/www.linkedin.com\/company\/iddocente\/"]},{"@type":"Person","@id":"https:\/\/iddocente.com\/#\/schema\/person\/640d86fb276c3e2b032e21567691977d","name":"idDOCENTE","image":{"@type":"ImageObject","inLanguage":"ca","@id":"https:\/\/secure.gravatar.com\/avatar\/93e9c486834ddfb4122a769285ed5cb0bf26b3a5a32598e1cf8abe0654241f90?s=96&d=mm&r=g","url":"https:\/\/secure.gravatar.com\/avatar\/93e9c486834ddfb4122a769285ed5cb0bf26b3a5a32598e1cf8abe0654241f90?s=96&d=mm&r=g","contentUrl":"https:\/\/secure.gravatar.com\/avatar\/93e9c486834ddfb4122a769285ed5cb0bf26b3a5a32598e1cf8abe0654241f90?s=96&d=mm&r=g","caption":"idDOCENTE"}}]}},"_links":{"self":[{"href":"https:\/\/iddocente.com\/ca\/wp-json\/wp\/v2\/posts\/46889","targetHints":{"allow":["GET"]}}],"collection":[{"href":"https:\/\/iddocente.com\/ca\/wp-json\/wp\/v2\/posts"}],"about":[{"href":"https:\/\/iddocente.com\/ca\/wp-json\/wp\/v2\/types\/post"}],"author":[{"embeddable":true,"href":"https:\/\/iddocente.com\/ca\/wp-json\/wp\/v2\/users\/2"}],"replies":[{"embeddable":true,"href":"https:\/\/iddocente.com\/ca\/wp-json\/wp\/v2\/comments?post=46889"}],"version-history":[{"count":3,"href":"https:\/\/iddocente.com\/ca\/wp-json\/wp\/v2\/posts\/46889\/revisions"}],"predecessor-version":[{"id":46893,"href":"https:\/\/iddocente.com\/ca\/wp-json\/wp\/v2\/posts\/46889\/revisions\/46893"}],"wp:featuredmedia":[{"embeddable":true,"href":"https:\/\/iddocente.com\/ca\/wp-json\/wp\/v2\/media\/46886"}],"wp:attachment":[{"href":"https:\/\/iddocente.com\/ca\/wp-json\/wp\/v2\/media?parent=46889"}],"wp:term":[{"taxonomy":"category","embeddable":true,"href":"https:\/\/iddocente.com\/ca\/wp-json\/wp\/v2\/categories?post=46889"},{"taxonomy":"post_tag","embeddable":true,"href":"https:\/\/iddocente.com\/ca\/wp-json\/wp\/v2\/tags?post=46889"}],"curies":[{"name":"wp","href":"https:\/\/api.w.org\/{rel}","templated":true}]}}