{"id":46500,"date":"2025-09-29T12:20:37","date_gmt":"2025-09-29T10:20:37","guid":{"rendered":"https:\/\/iddocente.com\/10-curtmetratges-imprescindibles-per-reflexionar-sobre-leducacio\/"},"modified":"2025-09-29T12:47:08","modified_gmt":"2025-09-29T10:47:08","slug":"10-curtmetratges-imprescindibles-per-reflexionar-sobre-leducacio","status":"publish","type":"post","link":"https:\/\/iddocente.com\/ca\/10-curtmetratges-imprescindibles-per-reflexionar-sobre-educacio\/","title":{"rendered":"10 curtmetratges imprescindibles per reflexionar sobre l\u2019educaci\u00f3"},"content":{"rendered":"<p>A l&#8217;aula, a vegades n&#8217;hi ha prou amb uns pocs minuts per a obrir la porta a la reflexi\u00f3. Els <strong>curtmetratges s\u00f3n eines poderose<\/strong>s que ens permeten explorar valors, diversitat, inclusi\u00f3 i conviv\u00e8ncia en un format breu, emotiu i memorable. A continuaci\u00f3, et presentem 10 curtmetratges que tot docent i alumne hauria de veure, cadascun amb la seva proposta de reflexi\u00f3.<\/p>\n<p>&nbsp;<\/p>\n<h2>Cordes<\/h2>\n<p>La hist\u00f2ria de la Maria i en Nicol\u00e1s, un nen amb par\u00e0lisi cerebral, mostra com la creativitat i l\u2019empatia superen barreres. Convida a reflexionar sobre la inclusi\u00f3 i la col\u00b7laboraci\u00f3.<\/p>\n<p><iframe title=\"YouTube video player\" src=\"https:\/\/www.youtube.com\/embed\/7JydY1ccEX4?si=3HScAzPWmF33KWC4\" width=\"560\" height=\"315\" frameborder=\"0\" allowfullscreen=\"allowfullscreen\"><\/iframe><\/p>\n<p>&nbsp;<\/p>\n<h2>Ian<\/h2>\n<p>Un nen amb par\u00e0lisi cerebral somia a jugar a futbol. El curt destaca la import\u00e0ncia de valorar les capacitats de cada persona. Es pot utilitzar per sensibilitzar sobre la diversitat i generar debats sobre igualtat d\u2019oportunitats.<\/p>\n<p><iframe title=\"YouTube video player\" src=\"https:\/\/www.youtube.com\/embed\/yASgf0HzgGQ?si=MEYj0Sqiy42McYvi\" width=\"560\" height=\"315\" frameborder=\"0\" allowfullscreen=\"allowfullscreen\"><\/iframe><\/p>\n<p>&nbsp;<\/p>\n<h2>Les sabates de Luis<\/h2>\n<p>En Luis, un nen amb autisme, comparteix la seva experi\u00e8ncia escolar i els reptes per integrar-se. Convida a reflexionar sobre com adaptar l\u2019aula i les activitats a les necessitats de tots els alumnes.<\/p>\n<p><iframe title=\"YouTube video player\" src=\"https:\/\/www.youtube.com\/embed\/CIPjvi_INAo?si=wBRPJ_UEn3E__iXf\" width=\"560\" height=\"315\" frameborder=\"0\" allowfullscreen=\"allowfullscreen\"><\/iframe><\/p>\n<p>&nbsp;<\/p>\n<h2>Per encaixar<\/h2>\n<p>Un relat sobre la pressi\u00f3 de conformar-se als estereotips i la import\u00e0ncia de ser un mateix. Es pot utilitzar per treballar l\u2019autoestima, la identitat i l\u2019acceptaci\u00f3 de les difer\u00e8ncies.<\/p>\n<p><iframe title=\"YouTube video player\" src=\"https:\/\/www.youtube.com\/embed\/qnJclaHziOE?si=P-KXpWc7m60-RlmW\" width=\"560\" height=\"315\" frameborder=\"0\" allowfullscreen=\"allowfullscreen\"><\/iframe><\/p>\n<p>&nbsp;<\/p>\n<h2>No juguis amb mi<\/h2>\n<p>Un curt sobre l\u2019assetjament escolar que posa \u00e8mfasi en la solidaritat i la intervenci\u00f3 dels companys. Convida a reflexionar sobre la prevenci\u00f3 de l\u2019assetjament i a fomentar el respecte mutu.<\/p>\n<p><iframe title=\"YouTube video player\" src=\"https:\/\/www.youtube.com\/embed\/tIn4m5Tb8KA?si=y0-4YQlSvQOnkqrd\" width=\"560\" height=\"315\" frameborder=\"0\" allowfullscreen=\"allowfullscreen\"><\/iframe><\/p>\n<p>&nbsp;<\/p>\n<h2>Un pas m\u00e9s<\/h2>\n<p>Mario, un nen amb mobilitat redu\u00efda, rep suport dels seus companys. Es pot usar per a promoure la col\u00b7laboraci\u00f3, la inclusi\u00f3 i l&#8217;empatia en activitats grupals.<\/p>\n<p><iframe title=\"YouTube video player\" src=\"https:\/\/www.youtube.com\/embed\/K6yGrcUfO5E?si=7ek_EiqH_8DOdRNC\" width=\"560\" height=\"315\" frameborder=\"0\" allowfullscreen=\"allowfullscreen\"><\/iframe><\/p>\n<p>&nbsp;<\/p>\n<h2>L&#8217;home que plantava arbres<\/h2>\n<p>Un home transforma un paisatge \u00e0rid amb paci\u00e8ncia i const\u00e0ncia. Es pot utilitzar per reflexionar sobre la responsabilitat, la sostenibilitat i el comprom\u00eds amb l\u2019entorn.<\/p>\n<p><iframe title=\"YouTube video player\" src=\"https:\/\/www.youtube.com\/embed\/w8jJz6L-Qt8?si=vNlO3G1jlwQgrGk_\" width=\"560\" height=\"315\" frameborder=\"0\" allowfullscreen=\"allowfullscreen\"><\/iframe><\/p>\n<p>&nbsp;<\/p>\n<h2>La lluna<\/h2>\n<p>Un nen descobreix solucions per si mateix mentre apr\u00e8n del seu pare i avi. Convida a treballar l\u2019autonomia, la creativitat i la resoluci\u00f3 de problemes.<\/p>\n<p><iframe title=\"YouTube video player\" src=\"https:\/\/www.youtube.com\/embed\/EwFcL9opww8?si=ugGVnS_16XPdugYs\" width=\"560\" height=\"315\" frameborder=\"0\" allowfullscreen=\"allowfullscreen\"><\/iframe><\/p>\n<p>&nbsp;<\/p>\n<h2>Per quatre cantonades<\/h2>\n<p>Un quadrat vol jugar amb els seus amics per\u00f2 no hi cap a la casa rodona. Convida a reflexionar sobre l\u2019adaptaci\u00f3 d\u2019espais i activitats perqu\u00e8 tothom se senti incl\u00f2s.<\/p>\n<p><iframe title=\"YouTube video player\" src=\"https:\/\/www.youtube.com\/embed\/IikZuOFfar4?si=DcZlAh3Rh0CPvwcm\" width=\"560\" height=\"315\" frameborder=\"0\" allowfullscreen=\"allowfullscreen\"><\/iframe><\/p>\n<p>&nbsp;<\/p>\n<h2>La caixa<\/h2>\n<p>Un anci\u00e0 adopta una caixa buida com a mascota, transmetent empatia i acceptaci\u00f3. Es pot utilitzar per treballar la inclusi\u00f3, la sensibilitat i els valors de respecte i cura.<\/p>\n<p><iframe title=\"YouTube video player\" src=\"https:\/\/www.youtube.com\/embed\/pH1Mr4iqifM?si=O-8GDGon1aHHWwsG\" width=\"560\" height=\"315\" frameborder=\"0\" allowfullscreen=\"allowfullscreen\"><\/iframe><\/p>\n<p>&nbsp;<\/p>\n<p>Els curtmetratges poden ser molt m\u00e9s que entreteniment; s\u00f3n eines que faciliten la reflexi\u00f3 i l\u2019aprenentatge. Per treure\u2019n el m\u00e0xim profit, es poden<strong> agrupar per tem\u00e0tica<\/strong>, fomentant el di\u00e0leg i el debat en moments clau; utilitzar-los com a <strong>punt de partida per a projectes<\/strong> col\u00b7laboratius que promoguin empatia, solidaritat o creativitat; o <strong>proposar activitats individuals<\/strong> com escriptura, dibuix o expressi\u00f3 art\u00edstica per interioritzar els aprenentatges de manera personal.<\/p>\n<p>Els curtmetratges s\u00f3n finestres a altres realitats i maneres de pensar, capa\u00e7os de generar consci\u00e8ncia i transformar actituds a l\u2019aula. Integrar-los en l\u2019educaci\u00f3 no nom\u00e9s enriqueix l\u2019experi\u00e8ncia d\u2019aprenentatge, sin\u00f3 que tamb\u00e9 <strong>fomenta valors essencials<\/strong> per a la conviv\u00e8ncia i el desenvolupament d\u2019una societat m\u00e9s inclusiva i respectuosa. Esperem que aquests 10 curtmetratges siguin un punt de partida per inspirar noves converses i accions al vostre centre escolar.<\/p>\n","protected":false},"excerpt":{"rendered":"<p>A l&#8217;aula, a vegades n&#8217;hi ha prou amb uns pocs minuts per a obrir la porta a la reflexi\u00f3. Els curtmetratges s\u00f3n eines poderoses que ens permeten explorar valors, diversitat, inclusi\u00f3 i conviv\u00e8ncia en un format breu, emotiu i memorable. A continuaci\u00f3, et presentem 10 curtmetratges que tot docent i alumne hauria de veure, cadascun [&hellip;]<\/p>\n","protected":false},"author":2,"featured_media":46497,"comment_status":"open","ping_status":"closed","sticky":false,"template":"","format":"standard","meta":{"_acf_changed":false,"footnotes":""},"categories":[1039],"tags":[1023,1020,1237,975,1436,918,1327,1021,1022],"class_list":["post-46500","post","type-post","status-publish","format-standard","has-post-thumbnail","hentry","category-recursos-ca","tag-curtmetratge","tag-diversitat","tag-docents","tag-educacio","tag-escola","tag-inclusio","tag-reflexion-ca","tag-valors","tag-videos-ca"],"acf":[],"yoast_head":"<!-- This site is optimized with the Yoast SEO plugin v27.3 - https:\/\/yoast.com\/product\/yoast-seo-wordpress\/ -->\n<title>10 curtmetratges imprescindibles per reflexionar sobre l\u2019educaci\u00f3 | idDOCENTE<\/title>\n<meta name=\"description\" content=\"10 curtmetratges imprescindibles que conviden a reflexionar sobre l\u2019escola d\u2019avui, els valors i la diversitat educativa\" \/>\n<meta name=\"robots\" content=\"index, follow, max-snippet:-1, max-image-preview:large, max-video-preview:-1\" \/>\n<link rel=\"canonical\" href=\"https:\/\/iddocente.com\/ca\/10-curtmetratges-imprescindibles-per-reflexionar-sobre-educacio\/\" \/>\n<meta property=\"og:locale\" content=\"ca_ES\" \/>\n<meta property=\"og:type\" content=\"article\" \/>\n<meta property=\"og:title\" content=\"10 curtmetratges imprescindibles per reflexionar sobre l\u2019educaci\u00f3 | idDOCENTE\" \/>\n<meta property=\"og:description\" content=\"10 curtmetratges imprescindibles que conviden a reflexionar sobre l\u2019escola d\u2019avui, els valors i la diversitat educativa\" \/>\n<meta property=\"og:url\" content=\"https:\/\/iddocente.com\/ca\/10-curtmetratges-imprescindibles-per-reflexionar-sobre-educacio\/\" \/>\n<meta property=\"og:site_name\" content=\"idDOCENTE\" \/>\n<meta property=\"article:publisher\" content=\"https:\/\/www.facebook.com\/IDDInnovacionDesarrolloDocente\" \/>\n<meta property=\"article:published_time\" content=\"2025-09-29T10:20:37+00:00\" \/>\n<meta property=\"article:modified_time\" content=\"2025-09-29T10:47:08+00:00\" \/>\n<meta property=\"og:image\" content=\"https:\/\/iddocente.com\/wp-content\/uploads\/2025\/09\/idd_cortos_educacion.jpg\" \/>\n\t<meta property=\"og:image:width\" content=\"840\" \/>\n\t<meta property=\"og:image:height\" content=\"400\" \/>\n\t<meta property=\"og:image:type\" content=\"image\/jpeg\" \/>\n<meta name=\"author\" content=\"idDOCENTE\" \/>\n<meta name=\"twitter:card\" content=\"summary_large_image\" \/>\n<meta name=\"twitter:creator\" content=\"@id_DOCENTE\" \/>\n<meta name=\"twitter:site\" content=\"@id_DOCENTE\" \/>\n<meta name=\"twitter:label1\" content=\"Escrit per\" \/>\n\t<meta name=\"twitter:data1\" content=\"idDOCENTE\" \/>\n\t<meta name=\"twitter:label2\" content=\"Temps estimat de lectura\" \/>\n\t<meta name=\"twitter:data2\" content=\"3 minuts\" \/>\n<script type=\"application\/ld+json\" class=\"yoast-schema-graph\">{\"@context\":\"https:\\\/\\\/schema.org\",\"@graph\":[{\"@type\":\"Article\",\"@id\":\"https:\\\/\\\/iddocente.com\\\/ca\\\/10-curtmetratges-imprescindibles-per-reflexionar-sobre-educacio\\\/#article\",\"isPartOf\":{\"@id\":\"https:\\\/\\\/iddocente.com\\\/ca\\\/10-curtmetratges-imprescindibles-per-reflexionar-sobre-educacio\\\/\"},\"author\":{\"name\":\"idDOCENTE\",\"@id\":\"https:\\\/\\\/iddocente.com\\\/#\\\/schema\\\/person\\\/640d86fb276c3e2b032e21567691977d\"},\"headline\":\"10 curtmetratges imprescindibles per reflexionar sobre l\u2019educaci\u00f3\",\"datePublished\":\"2025-09-29T10:20:37+00:00\",\"dateModified\":\"2025-09-29T10:47:08+00:00\",\"mainEntityOfPage\":{\"@id\":\"https:\\\/\\\/iddocente.com\\\/ca\\\/10-curtmetratges-imprescindibles-per-reflexionar-sobre-educacio\\\/\"},\"wordCount\":585,\"commentCount\":0,\"publisher\":{\"@id\":\"https:\\\/\\\/iddocente.com\\\/#organization\"},\"image\":{\"@id\":\"https:\\\/\\\/iddocente.com\\\/ca\\\/10-curtmetratges-imprescindibles-per-reflexionar-sobre-educacio\\\/#primaryimage\"},\"thumbnailUrl\":\"https:\\\/\\\/iddocente.com\\\/wp-content\\\/uploads\\\/2025\\\/09\\\/idd_cortos_educacion.jpg\",\"keywords\":[\"curtmetratge\",\"diversitat\",\"docents\",\"educaci\u00f3\",\"escola\",\"inclusi\u00f3\",\"reflexi\u00f3n\",\"valors\",\"v\u00eddeos\"],\"articleSection\":[\"RECURSOS\"],\"inLanguage\":\"ca\",\"potentialAction\":[{\"@type\":\"CommentAction\",\"name\":\"Comment\",\"target\":[\"https:\\\/\\\/iddocente.com\\\/ca\\\/10-curtmetratges-imprescindibles-per-reflexionar-sobre-educacio\\\/#respond\"]}]},{\"@type\":\"WebPage\",\"@id\":\"https:\\\/\\\/iddocente.com\\\/ca\\\/10-curtmetratges-imprescindibles-per-reflexionar-sobre-educacio\\\/\",\"url\":\"https:\\\/\\\/iddocente.com\\\/ca\\\/10-curtmetratges-imprescindibles-per-reflexionar-sobre-educacio\\\/\",\"name\":\"10 curtmetratges imprescindibles per reflexionar sobre l\u2019educaci\u00f3 | idDOCENTE\",\"isPartOf\":{\"@id\":\"https:\\\/\\\/iddocente.com\\\/#website\"},\"primaryImageOfPage\":{\"@id\":\"https:\\\/\\\/iddocente.com\\\/ca\\\/10-curtmetratges-imprescindibles-per-reflexionar-sobre-educacio\\\/#primaryimage\"},\"image\":{\"@id\":\"https:\\\/\\\/iddocente.com\\\/ca\\\/10-curtmetratges-imprescindibles-per-reflexionar-sobre-educacio\\\/#primaryimage\"},\"thumbnailUrl\":\"https:\\\/\\\/iddocente.com\\\/wp-content\\\/uploads\\\/2025\\\/09\\\/idd_cortos_educacion.jpg\",\"datePublished\":\"2025-09-29T10:20:37+00:00\",\"dateModified\":\"2025-09-29T10:47:08+00:00\",\"description\":\"10 curtmetratges imprescindibles que conviden a reflexionar sobre l\u2019escola d\u2019avui, els valors i la diversitat educativa\",\"breadcrumb\":{\"@id\":\"https:\\\/\\\/iddocente.com\\\/ca\\\/10-curtmetratges-imprescindibles-per-reflexionar-sobre-educacio\\\/#breadcrumb\"},\"inLanguage\":\"ca\",\"potentialAction\":[{\"@type\":\"ReadAction\",\"target\":[\"https:\\\/\\\/iddocente.com\\\/ca\\\/10-curtmetratges-imprescindibles-per-reflexionar-sobre-educacio\\\/\"]}]},{\"@type\":\"ImageObject\",\"inLanguage\":\"ca\",\"@id\":\"https:\\\/\\\/iddocente.com\\\/ca\\\/10-curtmetratges-imprescindibles-per-reflexionar-sobre-educacio\\\/#primaryimage\",\"url\":\"https:\\\/\\\/iddocente.com\\\/wp-content\\\/uploads\\\/2025\\\/09\\\/idd_cortos_educacion.jpg\",\"contentUrl\":\"https:\\\/\\\/iddocente.com\\\/wp-content\\\/uploads\\\/2025\\\/09\\\/idd_cortos_educacion.jpg\",\"width\":840,\"height\":400,\"caption\":\"10 cortos educaci\u00f3n\"},{\"@type\":\"BreadcrumbList\",\"@id\":\"https:\\\/\\\/iddocente.com\\\/ca\\\/10-curtmetratges-imprescindibles-per-reflexionar-sobre-educacio\\\/#breadcrumb\",\"itemListElement\":[{\"@type\":\"ListItem\",\"position\":1,\"name\":\"Portada\",\"item\":\"https:\\\/\\\/iddocente.com\\\/ca\\\/\"},{\"@type\":\"ListItem\",\"position\":2,\"name\":\"10 curtmetratges imprescindibles per reflexionar sobre l\u2019educaci\u00f3\"}]},{\"@type\":\"WebSite\",\"@id\":\"https:\\\/\\\/iddocente.com\\\/#website\",\"url\":\"https:\\\/\\\/iddocente.com\\\/\",\"name\":\"idDOCENTE\",\"description\":\"Formaci\u00f3n online para docentes y centros educativos\",\"publisher\":{\"@id\":\"https:\\\/\\\/iddocente.com\\\/#organization\"},\"potentialAction\":[{\"@type\":\"SearchAction\",\"target\":{\"@type\":\"EntryPoint\",\"urlTemplate\":\"https:\\\/\\\/iddocente.com\\\/?s={search_term_string}\"},\"query-input\":{\"@type\":\"PropertyValueSpecification\",\"valueRequired\":true,\"valueName\":\"search_term_string\"}}],\"inLanguage\":\"ca\"},{\"@type\":\"Organization\",\"@id\":\"https:\\\/\\\/iddocente.com\\\/#organization\",\"name\":\"idDOCENTE\",\"url\":\"https:\\\/\\\/iddocente.com\\\/\",\"logo\":{\"@type\":\"ImageObject\",\"inLanguage\":\"ca\",\"@id\":\"https:\\\/\\\/iddocente.com\\\/#\\\/schema\\\/logo\\\/image\\\/\",\"url\":\"https:\\\/\\\/iddocente.com\\\/wp-content\\\/uploads\\\/2017\\\/01\\\/logo-colored-295x109.png\",\"contentUrl\":\"https:\\\/\\\/iddocente.com\\\/wp-content\\\/uploads\\\/2017\\\/01\\\/logo-colored-295x109.png\",\"width\":298,\"height\":110,\"caption\":\"idDOCENTE\"},\"image\":{\"@id\":\"https:\\\/\\\/iddocente.com\\\/#\\\/schema\\\/logo\\\/image\\\/\"},\"sameAs\":[\"https:\\\/\\\/www.facebook.com\\\/IDDInnovacionDesarrolloDocente\",\"https:\\\/\\\/x.com\\\/id_DOCENTE\",\"https:\\\/\\\/www.instagram.com\\\/iddocente\\\/\",\"https:\\\/\\\/www.linkedin.com\\\/company\\\/iddocente\\\/\"]},{\"@type\":\"Person\",\"@id\":\"https:\\\/\\\/iddocente.com\\\/#\\\/schema\\\/person\\\/640d86fb276c3e2b032e21567691977d\",\"name\":\"idDOCENTE\",\"image\":{\"@type\":\"ImageObject\",\"inLanguage\":\"ca\",\"@id\":\"https:\\\/\\\/secure.gravatar.com\\\/avatar\\\/93e9c486834ddfb4122a769285ed5cb0bf26b3a5a32598e1cf8abe0654241f90?s=96&d=mm&r=g\",\"url\":\"https:\\\/\\\/secure.gravatar.com\\\/avatar\\\/93e9c486834ddfb4122a769285ed5cb0bf26b3a5a32598e1cf8abe0654241f90?s=96&d=mm&r=g\",\"contentUrl\":\"https:\\\/\\\/secure.gravatar.com\\\/avatar\\\/93e9c486834ddfb4122a769285ed5cb0bf26b3a5a32598e1cf8abe0654241f90?s=96&d=mm&r=g\",\"caption\":\"idDOCENTE\"}}]}<\/script>\n<!-- \/ Yoast SEO plugin. -->","yoast_head_json":{"title":"10 curtmetratges imprescindibles per reflexionar sobre l\u2019educaci\u00f3 | idDOCENTE","description":"10 curtmetratges imprescindibles que conviden a reflexionar sobre l\u2019escola d\u2019avui, els valors i la diversitat educativa","robots":{"index":"index","follow":"follow","max-snippet":"max-snippet:-1","max-image-preview":"max-image-preview:large","max-video-preview":"max-video-preview:-1"},"canonical":"https:\/\/iddocente.com\/ca\/10-curtmetratges-imprescindibles-per-reflexionar-sobre-educacio\/","og_locale":"ca_ES","og_type":"article","og_title":"10 curtmetratges imprescindibles per reflexionar sobre l\u2019educaci\u00f3 | idDOCENTE","og_description":"10 curtmetratges imprescindibles que conviden a reflexionar sobre l\u2019escola d\u2019avui, els valors i la diversitat educativa","og_url":"https:\/\/iddocente.com\/ca\/10-curtmetratges-imprescindibles-per-reflexionar-sobre-educacio\/","og_site_name":"idDOCENTE","article_publisher":"https:\/\/www.facebook.com\/IDDInnovacionDesarrolloDocente","article_published_time":"2025-09-29T10:20:37+00:00","article_modified_time":"2025-09-29T10:47:08+00:00","og_image":[{"width":840,"height":400,"url":"https:\/\/iddocente.com\/wp-content\/uploads\/2025\/09\/idd_cortos_educacion.jpg","type":"image\/jpeg"}],"author":"idDOCENTE","twitter_card":"summary_large_image","twitter_creator":"@id_DOCENTE","twitter_site":"@id_DOCENTE","twitter_misc":{"Escrit per":"idDOCENTE","Temps estimat de lectura":"3 minuts"},"schema":{"@context":"https:\/\/schema.org","@graph":[{"@type":"Article","@id":"https:\/\/iddocente.com\/ca\/10-curtmetratges-imprescindibles-per-reflexionar-sobre-educacio\/#article","isPartOf":{"@id":"https:\/\/iddocente.com\/ca\/10-curtmetratges-imprescindibles-per-reflexionar-sobre-educacio\/"},"author":{"name":"idDOCENTE","@id":"https:\/\/iddocente.com\/#\/schema\/person\/640d86fb276c3e2b032e21567691977d"},"headline":"10 curtmetratges imprescindibles per reflexionar sobre l\u2019educaci\u00f3","datePublished":"2025-09-29T10:20:37+00:00","dateModified":"2025-09-29T10:47:08+00:00","mainEntityOfPage":{"@id":"https:\/\/iddocente.com\/ca\/10-curtmetratges-imprescindibles-per-reflexionar-sobre-educacio\/"},"wordCount":585,"commentCount":0,"publisher":{"@id":"https:\/\/iddocente.com\/#organization"},"image":{"@id":"https:\/\/iddocente.com\/ca\/10-curtmetratges-imprescindibles-per-reflexionar-sobre-educacio\/#primaryimage"},"thumbnailUrl":"https:\/\/iddocente.com\/wp-content\/uploads\/2025\/09\/idd_cortos_educacion.jpg","keywords":["curtmetratge","diversitat","docents","educaci\u00f3","escola","inclusi\u00f3","reflexi\u00f3n","valors","v\u00eddeos"],"articleSection":["RECURSOS"],"inLanguage":"ca","potentialAction":[{"@type":"CommentAction","name":"Comment","target":["https:\/\/iddocente.com\/ca\/10-curtmetratges-imprescindibles-per-reflexionar-sobre-educacio\/#respond"]}]},{"@type":"WebPage","@id":"https:\/\/iddocente.com\/ca\/10-curtmetratges-imprescindibles-per-reflexionar-sobre-educacio\/","url":"https:\/\/iddocente.com\/ca\/10-curtmetratges-imprescindibles-per-reflexionar-sobre-educacio\/","name":"10 curtmetratges imprescindibles per reflexionar sobre l\u2019educaci\u00f3 | idDOCENTE","isPartOf":{"@id":"https:\/\/iddocente.com\/#website"},"primaryImageOfPage":{"@id":"https:\/\/iddocente.com\/ca\/10-curtmetratges-imprescindibles-per-reflexionar-sobre-educacio\/#primaryimage"},"image":{"@id":"https:\/\/iddocente.com\/ca\/10-curtmetratges-imprescindibles-per-reflexionar-sobre-educacio\/#primaryimage"},"thumbnailUrl":"https:\/\/iddocente.com\/wp-content\/uploads\/2025\/09\/idd_cortos_educacion.jpg","datePublished":"2025-09-29T10:20:37+00:00","dateModified":"2025-09-29T10:47:08+00:00","description":"10 curtmetratges imprescindibles que conviden a reflexionar sobre l\u2019escola d\u2019avui, els valors i la diversitat educativa","breadcrumb":{"@id":"https:\/\/iddocente.com\/ca\/10-curtmetratges-imprescindibles-per-reflexionar-sobre-educacio\/#breadcrumb"},"inLanguage":"ca","potentialAction":[{"@type":"ReadAction","target":["https:\/\/iddocente.com\/ca\/10-curtmetratges-imprescindibles-per-reflexionar-sobre-educacio\/"]}]},{"@type":"ImageObject","inLanguage":"ca","@id":"https:\/\/iddocente.com\/ca\/10-curtmetratges-imprescindibles-per-reflexionar-sobre-educacio\/#primaryimage","url":"https:\/\/iddocente.com\/wp-content\/uploads\/2025\/09\/idd_cortos_educacion.jpg","contentUrl":"https:\/\/iddocente.com\/wp-content\/uploads\/2025\/09\/idd_cortos_educacion.jpg","width":840,"height":400,"caption":"10 cortos educaci\u00f3n"},{"@type":"BreadcrumbList","@id":"https:\/\/iddocente.com\/ca\/10-curtmetratges-imprescindibles-per-reflexionar-sobre-educacio\/#breadcrumb","itemListElement":[{"@type":"ListItem","position":1,"name":"Portada","item":"https:\/\/iddocente.com\/ca\/"},{"@type":"ListItem","position":2,"name":"10 curtmetratges imprescindibles per reflexionar sobre l\u2019educaci\u00f3"}]},{"@type":"WebSite","@id":"https:\/\/iddocente.com\/#website","url":"https:\/\/iddocente.com\/","name":"idDOCENTE","description":"Formaci\u00f3n online para docentes y centros educativos","publisher":{"@id":"https:\/\/iddocente.com\/#organization"},"potentialAction":[{"@type":"SearchAction","target":{"@type":"EntryPoint","urlTemplate":"https:\/\/iddocente.com\/?s={search_term_string}"},"query-input":{"@type":"PropertyValueSpecification","valueRequired":true,"valueName":"search_term_string"}}],"inLanguage":"ca"},{"@type":"Organization","@id":"https:\/\/iddocente.com\/#organization","name":"idDOCENTE","url":"https:\/\/iddocente.com\/","logo":{"@type":"ImageObject","inLanguage":"ca","@id":"https:\/\/iddocente.com\/#\/schema\/logo\/image\/","url":"https:\/\/iddocente.com\/wp-content\/uploads\/2017\/01\/logo-colored-295x109.png","contentUrl":"https:\/\/iddocente.com\/wp-content\/uploads\/2017\/01\/logo-colored-295x109.png","width":298,"height":110,"caption":"idDOCENTE"},"image":{"@id":"https:\/\/iddocente.com\/#\/schema\/logo\/image\/"},"sameAs":["https:\/\/www.facebook.com\/IDDInnovacionDesarrolloDocente","https:\/\/x.com\/id_DOCENTE","https:\/\/www.instagram.com\/iddocente\/","https:\/\/www.linkedin.com\/company\/iddocente\/"]},{"@type":"Person","@id":"https:\/\/iddocente.com\/#\/schema\/person\/640d86fb276c3e2b032e21567691977d","name":"idDOCENTE","image":{"@type":"ImageObject","inLanguage":"ca","@id":"https:\/\/secure.gravatar.com\/avatar\/93e9c486834ddfb4122a769285ed5cb0bf26b3a5a32598e1cf8abe0654241f90?s=96&d=mm&r=g","url":"https:\/\/secure.gravatar.com\/avatar\/93e9c486834ddfb4122a769285ed5cb0bf26b3a5a32598e1cf8abe0654241f90?s=96&d=mm&r=g","contentUrl":"https:\/\/secure.gravatar.com\/avatar\/93e9c486834ddfb4122a769285ed5cb0bf26b3a5a32598e1cf8abe0654241f90?s=96&d=mm&r=g","caption":"idDOCENTE"}}]}},"_links":{"self":[{"href":"https:\/\/iddocente.com\/ca\/wp-json\/wp\/v2\/posts\/46500","targetHints":{"allow":["GET"]}}],"collection":[{"href":"https:\/\/iddocente.com\/ca\/wp-json\/wp\/v2\/posts"}],"about":[{"href":"https:\/\/iddocente.com\/ca\/wp-json\/wp\/v2\/types\/post"}],"author":[{"embeddable":true,"href":"https:\/\/iddocente.com\/ca\/wp-json\/wp\/v2\/users\/2"}],"replies":[{"embeddable":true,"href":"https:\/\/iddocente.com\/ca\/wp-json\/wp\/v2\/comments?post=46500"}],"version-history":[{"count":2,"href":"https:\/\/iddocente.com\/ca\/wp-json\/wp\/v2\/posts\/46500\/revisions"}],"predecessor-version":[{"id":46502,"href":"https:\/\/iddocente.com\/ca\/wp-json\/wp\/v2\/posts\/46500\/revisions\/46502"}],"wp:featuredmedia":[{"embeddable":true,"href":"https:\/\/iddocente.com\/ca\/wp-json\/wp\/v2\/media\/46497"}],"wp:attachment":[{"href":"https:\/\/iddocente.com\/ca\/wp-json\/wp\/v2\/media?parent=46500"}],"wp:term":[{"taxonomy":"category","embeddable":true,"href":"https:\/\/iddocente.com\/ca\/wp-json\/wp\/v2\/categories?post=46500"},{"taxonomy":"post_tag","embeddable":true,"href":"https:\/\/iddocente.com\/ca\/wp-json\/wp\/v2\/tags?post=46500"}],"curies":[{"name":"wp","href":"https:\/\/api.w.org\/{rel}","templated":true}]}}