{"id":27444,"date":"2024-03-13T11:15:35","date_gmt":"2024-03-13T10:15:35","guid":{"rendered":"https:\/\/iddocente.com\/recursos-per-a-treballar-la-gramatica-a-laula\/"},"modified":"2024-03-13T11:29:09","modified_gmt":"2024-03-13T10:29:09","slug":"recursos-per-a-treballar-la-gramatica-a-laula","status":"publish","type":"post","link":"https:\/\/iddocente.com\/ca\/recursos-per-treballar-la-gramatica-aula\/","title":{"rendered":"RECURSOS PER A TREBALLAR LA GRAM\u00c0TICA A L&#8217;AULA"},"content":{"rendered":"<p>La gram\u00e0tica \u00e9s la base del llenguatge, i el llenguatge \u00e9s l&#8217;eina fonamental per a la comunicaci\u00f3. Dominar la gram\u00e0tica ens permet expressar-nos de manera clara, precisa i efectiva, tant en l&#8217;\u00e0mbit oral com en l&#8217;escrit. Fins i tot <strong>els aprenentatges de moltes mat\u00e8ries<\/strong>, m\u00e9s enll\u00e0 de l&#8217;\u00e0rea de Llengua, depenen d&#8217;un bon domini de la gram\u00e0tica.<\/p>\n<p>En aquest post, et parlarem de la import\u00e0ncia de la gram\u00e0tica en l&#8217;educaci\u00f3 i <strong>com el seu aprenentatge beneficia als alumnes<\/strong> en diferents \u00e0rees de la seva vida, a m\u00e9s d&#8217;oferir-te uns recursos educatius per a treballar la gram\u00e0tica a l&#8217;aula.<\/p>\n<p>&nbsp;<\/p>\n<h2>Per qu\u00e8 \u00e9s important la gram\u00e0tica<\/h2>\n<p>En primer lloc, la gram\u00e0tica ens ajuda a comprendre millor el llenguatge. En con\u00e8ixer les regles gramaticals, podem entendre com s&#8217;estructuren les oracions i com es relacionen les paraules entre si. Aix\u00f2 ens permet <strong>llegir i comprendre textos amb major facilitat<\/strong>, aix\u00ed com identificar errors gramaticals en l&#8217;escriptura.<\/p>\n<p>En segon lloc, la gram\u00e0tica ens permet expressar-nos amb major claredat i precisi\u00f3. Quan dominem les regles gramaticals, podem <strong>triar les paraules adequades per a expressar les nostres idees<\/strong> de manera precisa i efectiva. Aix\u00f2 \u00e9s fonamental en totes les \u00e0rees de la vida, des de la comunicaci\u00f3 interpersonal fins a la redacci\u00f3 de textos propis de l&#8217;aula.<\/p>\n<p>Finalment, la gram\u00e0tica <strong>ens ajuda a desenvolupar les nostres habilitats de pensament cr\u00edtic<\/strong>. En analitzar l&#8217;estructura gramatical de les oracions, podem identificar biaixos, fal\u00b7l\u00e0cies i altres errors en l&#8217;argumentaci\u00f3. Aix\u00f2 ens permet ser m\u00e9s cr\u00edtics amb la informaci\u00f3 que rebem i prendre millors decisions.<\/p>\n<p>&nbsp;<\/p>\n<h2>Els errors m\u00e9s comuns<\/h2>\n<p>En general, els alumnes de <strong>Prim\u00e0ria i de Secund\u00e0ria<\/strong> solen repetir els mateixos errors gramaticals:<\/p>\n<ul>\n<li>La falta de concordan\u00e7a entre el subjecte i el verb.<\/li>\n<li>La falta de concordan\u00e7a entre el g\u00e8nere i el n\u00famero.<\/li>\n<li>Utilitzar l&#8217;imperatiu de manera incorrecta.<\/li>\n<li>\u00das incorrecte dels signes de puntuaci\u00f3.<\/li>\n<li>Confusi\u00f3 en l&#8217;\u00fas dels temps verbals.<\/li>\n<\/ul>\n<p>&nbsp;<\/p>\n<h2>Alguns recursos interessants per a practicar a l&#8217;aula<\/h2>\n<p>Perqu\u00e8 els alumnes puguin practicar les normes gramaticals a l&#8217;aula, t&#8217;oferim a continuaci\u00f3 una s\u00e8rie de recursos interessants:<\/p>\n<p>&nbsp;<\/p>\n<h2><a href=\"https:\/\/www.profedeele.es\/gramatica\/\">ProfedeELE<\/a><\/h2>\n<p>Encara que es tracta d&#8217;una p\u00e0gina web per a treballar l&#8217;espanyol com a llengua estrangera, en ProfedeELE podr\u00e0s trobar infinitat activitats en l\u00ednia de gram\u00e0tica per als teus alumnes amb explicacions, exercicis i unitats did\u00e0ctiques interactives. Pots triar per categories, nivells i per tem\u00e0tiques, la qual cosa et permet treballar amb alumnes des de 1r d&#8217;Ed. Prim\u00e0ria fins a Batxillerat: substantius, oracions, adverbis, articles, demostratius, g\u00e8nere i n\u00famero, verbs, etc.<\/p>\n<p>&nbsp;<\/p>\n<h2><a href=\"https:\/\/www.mundoprimaria.com\/juegos-educativos\/juegos-lenguaje\/gramatica\">M\u00f3n Prim\u00e0ria<\/a><\/h2>\n<p>En M\u00f3n Prim\u00e0ria podr\u00e0s trobar exercicis per a treballar la gram\u00e0tica amb els teus alumnes des de 1r fins a 6\u00e8 d&#8217;Educaci\u00f3 Prim\u00e0ria. Prement sobre el curs, podr\u00e0s accedir a diferents activitats interactives molt interessants. Fins i tot pots compartir les activitats a trav\u00e9s de Classroom.<\/p>\n<p>&nbsp;<\/p>\n<h2><a href=\"https:\/\/wordwall.net\/es-es\/community\/lengua-secundaria\">Wordwall<\/a><\/h2>\n<p>En Wordwall podem trobar diferents activitats sobre el llenguatge de diferents nivells. Encara que l&#8217;organitzaci\u00f3 de les tem\u00e0tiques \u00e9s una mica confusa, podem accedir a jocs interactius realment interessants, des de 1r d&#8217;Ed. Prim\u00e0ria fins a Batxillerat. El gran repte \u00e9s trobar-los, per\u00f2 el t\u00edtol de cada joc ens ajudar\u00e0 a realitzar una adequada selecci\u00f3. \u00c9s una p\u00e0gina que no et pots perdre. A m\u00e9s dels jocs existents, pots crear uns propis, aix\u00ed que no es pot demanar m\u00e9s.<\/p>\n<p>&nbsp;<\/p>\n<h2><a href=\"https:\/\/www.walinwa.com\/\">Walinwa<\/a><\/h2>\n<p>Aquesta aplicaci\u00f3 funciona com a complement a l&#8217;assignatura de Llengua per als alumnes que estiguin cursant des de 3r d&#8217;Educaci\u00f3 Prim\u00e0ria fins a 2n de Batxillerat. El sistema proporciona una sessi\u00f3 di\u00e0ria d&#8217;entre 30 i 40 exercicis que aborden diferents tem\u00e0tiques que no requereixen de m\u00e9s de 10 minuts. Com m\u00e9s gran sigui la const\u00e0ncia de l&#8217;alumne m\u00e9s r\u00e0pida ser\u00e0 l&#8217;evoluci\u00f3. A mesura que l&#8217;alumne progressa, el nivell dels exercicis anir\u00e0 avan\u00e7ant, de manera individualitzada. S&#8217;aniran potenciant aquells temes en els quals l&#8217;alumne pugui presentar m\u00e9s dificultats. El tutor rep un informe de l&#8217;avan\u00e7 de les sessions dels seus alumnes, la qual cosa li permet fer un seguiment individualitzat o per grups.<\/p>\n<p>&nbsp;<\/p>\n<h2><a href=\"https:\/\/descargas.intef.es\/cedec\/proyectoedia\/realengua\/contenidos\/sossalvemoslalengua\/index.html\">SOS&#8230; Salvem la Llengua!<\/a><\/h2>\n<p>Aquest recurs educatiu obert de la mat\u00e8ria de Llengua Castellana i Literatura est\u00e0 pensat per a l&#8217;alumnat de 3r encara que la proposta de treball pot ser tamb\u00e9 utilitzada en altres cursos amb petites modificacions. En ell es desenvolupen, fonamentalment, continguts del bloc del bloc D (Reflexi\u00f3 sobre la llengua) juntament amb continguts del bloc B dels sabers b\u00e0sics (Comunicaci\u00f3). El proc\u00e9s d&#8217;aprenentatge s&#8217;organitza entorn d&#8217;un projecte de treball l&#8217;eix fonamental del qual \u00e9s el treball de reflexi\u00f3 sobre la llengua sempre vinculat a la reflexi\u00f3 sobre l&#8217;\u00fas i a la millora d&#8217;aquest. Tenint en compte que el treball sobre aquest bloc sol ser complicat d&#8217;integrar en els projectes comunicatius, aquesta proposta vol abordar-ho per\u00f2 no pret\u00e9n tancar el treball sobre conceptes concrets relacionats amb els coneixements sobre els elements ling\u00fc\u00edstics sin\u00f3 plantejar un itinerari, un procediment de treball, una manera d&#8217;acostament a la reflexi\u00f3 sobre la llengua que pot ser aplicat a l&#8217;estudi de diferents continguts d&#8217;aquest bloc i en diferents nivells.<\/p>\n<p>&nbsp;<\/p>\n<h2><a href=\"https:\/\/www.cerebriti.com\/juegos-de-lengua\/que-palabras-son-verbos\/\">Quines paraules s\u00f3n verbs?<\/a><\/h2>\n<p>Aquest joc interactiu mostra una s\u00e8rie de paraules de diferent tipologia perqu\u00e8 l&#8217;alumnat d&#8217;Educaci\u00f3 Prim\u00e0ria busqui i seleccioni \u00fanicament aquelles paraules que s\u00f3n verbs. Compte per a aix\u00f2 amb un temps m\u00e0xim per a completar l&#8217;activitat i dos comodins per a les fallades. Els alumnes tenen la possibilitat de jugar totes les vegades que ho desitgin per a superar la seva marca personal ja que al final de cada partida poden consultar la puntuaci\u00f3 obtinguda.<\/p>\n<p>&nbsp;<\/p>\n<h2><a href=\"https:\/\/www.vicentellop.com\/apuntes_gramatica\/apuntes.htm\">Morfologia i sintaxi<\/a><\/h2>\n<p>Es tracta d&#8217;una p\u00e0gina web amb un disseny que, encara que no \u00e9s molt atractiu visualment, s\u00ed resulta molt senzill i efectiu perqu\u00e8 els nostres alumnes puguin aprendre sobre substantius, adjectius, verbs, adverbis, pronoms, preposicions, conjuncions, interjeccions, sintaxis i altres paraules com a possessius, demostratius o exclamatius. Ofereix material explicatiu i exercicis variats relacionats amb cadascun d&#8217;ells: existeixen exercicis de completar frases, de subratllar l&#8217;opci\u00f3 correcta o d&#8217;escriure oracions, entre altres. Totes les fitxes es poden descarregar en Word.<\/p>\n<p>Coneixes algun altre recurs per a practicar les normes gramaticals a l&#8217;aula? <strong>Comparteix-ho amb tots nosaltres<\/strong> en els comentaris.<\/p>\n","protected":false},"excerpt":{"rendered":"<p>La gram\u00e0tica \u00e9s la base del llenguatge, i el llenguatge \u00e9s l&#8217;eina fonamental per a la comunicaci\u00f3. Dominar la gram\u00e0tica ens permet expressar-nos de manera clara, precisa i efectiva, tant en l&#8217;\u00e0mbit oral com en l&#8217;escrit. Fins i tot els aprenentatges de moltes mat\u00e8ries, m\u00e9s enll\u00e0 de l&#8217;\u00e0rea de Llengua, depenen d&#8217;un bon domini de [&hellip;]<\/p>\n","protected":false},"author":2,"featured_media":27440,"comment_status":"open","ping_status":"open","sticky":false,"template":"","format":"standard","meta":{"_acf_changed":false,"footnotes":""},"categories":[1039],"tags":[1042,1041,1040,1044,954,899,1043],"class_list":["post-27444","post","type-post","status-publish","format-standard","has-post-thumbnail","hentry","category-recursos-ca","tag-escriptura","tag-expressio","tag-gramatica-ca","tag-llengua","tag-primaria-ca","tag-recursos-ca","tag-secundaria-ca"],"acf":[],"yoast_head":"<!-- This site is optimized with the Yoast SEO plugin v27.3 - https:\/\/yoast.com\/product\/yoast-seo-wordpress\/ -->\n<title>Recursos per a treballar la gram\u00e0tica a l&#039;aula | idDOCENTE<\/title>\n<meta name=\"description\" content=\"Descobreix la import\u00e0ncia de la gram\u00e0tica en l&#039;educaci\u00f3 i com el seu aprenentatge beneficia als alumnes en diferents \u00e0rees de la seva vida\" \/>\n<meta name=\"robots\" content=\"index, follow, max-snippet:-1, max-image-preview:large, max-video-preview:-1\" \/>\n<link rel=\"canonical\" href=\"https:\/\/iddocente.com\/ca\/recursos-per-treballar-la-gramatica-aula\/\" \/>\n<meta property=\"og:locale\" content=\"ca_ES\" \/>\n<meta property=\"og:type\" content=\"article\" \/>\n<meta property=\"og:title\" content=\"Recursos per a treballar la gram\u00e0tica a l&#039;aula | idDOCENTE\" \/>\n<meta property=\"og:description\" content=\"Descobreix la import\u00e0ncia de la gram\u00e0tica en l&#039;educaci\u00f3 i com el seu aprenentatge beneficia als alumnes en diferents \u00e0rees de la seva vida\" \/>\n<meta property=\"og:url\" content=\"https:\/\/iddocente.com\/ca\/recursos-per-treballar-la-gramatica-aula\/\" \/>\n<meta property=\"og:site_name\" content=\"idDOCENTE\" \/>\n<meta property=\"article:publisher\" content=\"https:\/\/www.facebook.com\/IDDInnovacionDesarrolloDocente\" \/>\n<meta property=\"article:published_time\" content=\"2024-03-13T10:15:35+00:00\" \/>\n<meta property=\"article:modified_time\" content=\"2024-03-13T10:29:09+00:00\" \/>\n<meta property=\"og:image\" content=\"https:\/\/iddocente.com\/wp-content\/uploads\/2024\/03\/idd_recursos_gramatica.jpg\" \/>\n\t<meta property=\"og:image:width\" content=\"840\" \/>\n\t<meta property=\"og:image:height\" content=\"400\" \/>\n\t<meta property=\"og:image:type\" content=\"image\/jpeg\" \/>\n<meta name=\"author\" content=\"idDOCENTE\" \/>\n<meta name=\"twitter:card\" content=\"summary_large_image\" \/>\n<meta name=\"twitter:creator\" content=\"@id_DOCENTE\" \/>\n<meta name=\"twitter:site\" content=\"@id_DOCENTE\" \/>\n<meta name=\"twitter:label1\" content=\"Escrit per\" \/>\n\t<meta name=\"twitter:data1\" content=\"idDOCENTE\" \/>\n\t<meta name=\"twitter:label2\" content=\"Temps estimat de lectura\" \/>\n\t<meta name=\"twitter:data2\" content=\"5 minuts\" \/>\n<script type=\"application\/ld+json\" class=\"yoast-schema-graph\">{\"@context\":\"https:\\\/\\\/schema.org\",\"@graph\":[{\"@type\":\"Article\",\"@id\":\"https:\\\/\\\/iddocente.com\\\/ca\\\/recursos-per-treballar-la-gramatica-aula\\\/#article\",\"isPartOf\":{\"@id\":\"https:\\\/\\\/iddocente.com\\\/ca\\\/recursos-per-treballar-la-gramatica-aula\\\/\"},\"author\":{\"name\":\"idDOCENTE\",\"@id\":\"https:\\\/\\\/iddocente.com\\\/#\\\/schema\\\/person\\\/640d86fb276c3e2b032e21567691977d\"},\"headline\":\"RECURSOS PER A TREBALLAR LA GRAM\u00c0TICA A L&#8217;AULA\",\"datePublished\":\"2024-03-13T10:15:35+00:00\",\"dateModified\":\"2024-03-13T10:29:09+00:00\",\"mainEntityOfPage\":{\"@id\":\"https:\\\/\\\/iddocente.com\\\/ca\\\/recursos-per-treballar-la-gramatica-aula\\\/\"},\"wordCount\":1135,\"commentCount\":0,\"publisher\":{\"@id\":\"https:\\\/\\\/iddocente.com\\\/#organization\"},\"image\":{\"@id\":\"https:\\\/\\\/iddocente.com\\\/ca\\\/recursos-per-treballar-la-gramatica-aula\\\/#primaryimage\"},\"thumbnailUrl\":\"https:\\\/\\\/iddocente.com\\\/wp-content\\\/uploads\\\/2024\\\/03\\\/idd_recursos_gramatica.jpg\",\"keywords\":[\"escriptura\",\"expressi\u00f3\",\"gram\u00e0tica\",\"llengua\",\"prim\u00e0ria\",\"recursos\",\"secund\u00e0ria\"],\"articleSection\":[\"RECURSOS\"],\"inLanguage\":\"ca\",\"potentialAction\":[{\"@type\":\"CommentAction\",\"name\":\"Comment\",\"target\":[\"https:\\\/\\\/iddocente.com\\\/ca\\\/recursos-per-treballar-la-gramatica-aula\\\/#respond\"]}]},{\"@type\":\"WebPage\",\"@id\":\"https:\\\/\\\/iddocente.com\\\/ca\\\/recursos-per-treballar-la-gramatica-aula\\\/\",\"url\":\"https:\\\/\\\/iddocente.com\\\/ca\\\/recursos-per-treballar-la-gramatica-aula\\\/\",\"name\":\"Recursos per a treballar la gram\u00e0tica a l'aula | idDOCENTE\",\"isPartOf\":{\"@id\":\"https:\\\/\\\/iddocente.com\\\/#website\"},\"primaryImageOfPage\":{\"@id\":\"https:\\\/\\\/iddocente.com\\\/ca\\\/recursos-per-treballar-la-gramatica-aula\\\/#primaryimage\"},\"image\":{\"@id\":\"https:\\\/\\\/iddocente.com\\\/ca\\\/recursos-per-treballar-la-gramatica-aula\\\/#primaryimage\"},\"thumbnailUrl\":\"https:\\\/\\\/iddocente.com\\\/wp-content\\\/uploads\\\/2024\\\/03\\\/idd_recursos_gramatica.jpg\",\"datePublished\":\"2024-03-13T10:15:35+00:00\",\"dateModified\":\"2024-03-13T10:29:09+00:00\",\"description\":\"Descobreix la import\u00e0ncia de la gram\u00e0tica en l'educaci\u00f3 i com el seu aprenentatge beneficia als alumnes en diferents \u00e0rees de la seva vida\",\"breadcrumb\":{\"@id\":\"https:\\\/\\\/iddocente.com\\\/ca\\\/recursos-per-treballar-la-gramatica-aula\\\/#breadcrumb\"},\"inLanguage\":\"ca\",\"potentialAction\":[{\"@type\":\"ReadAction\",\"target\":[\"https:\\\/\\\/iddocente.com\\\/ca\\\/recursos-per-treballar-la-gramatica-aula\\\/\"]}]},{\"@type\":\"ImageObject\",\"inLanguage\":\"ca\",\"@id\":\"https:\\\/\\\/iddocente.com\\\/ca\\\/recursos-per-treballar-la-gramatica-aula\\\/#primaryimage\",\"url\":\"https:\\\/\\\/iddocente.com\\\/wp-content\\\/uploads\\\/2024\\\/03\\\/idd_recursos_gramatica.jpg\",\"contentUrl\":\"https:\\\/\\\/iddocente.com\\\/wp-content\\\/uploads\\\/2024\\\/03\\\/idd_recursos_gramatica.jpg\",\"width\":840,\"height\":400,\"caption\":\"recursos gram\u00e1tica\"},{\"@type\":\"BreadcrumbList\",\"@id\":\"https:\\\/\\\/iddocente.com\\\/ca\\\/recursos-per-treballar-la-gramatica-aula\\\/#breadcrumb\",\"itemListElement\":[{\"@type\":\"ListItem\",\"position\":1,\"name\":\"Portada\",\"item\":\"https:\\\/\\\/iddocente.com\\\/ca\\\/\"},{\"@type\":\"ListItem\",\"position\":2,\"name\":\"RECURSOS PER A TREBALLAR LA GRAM\u00c0TICA A L&#8217;AULA\"}]},{\"@type\":\"WebSite\",\"@id\":\"https:\\\/\\\/iddocente.com\\\/#website\",\"url\":\"https:\\\/\\\/iddocente.com\\\/\",\"name\":\"idDOCENTE\",\"description\":\"Formaci\u00f3n online para docentes y centros educativos\",\"publisher\":{\"@id\":\"https:\\\/\\\/iddocente.com\\\/#organization\"},\"potentialAction\":[{\"@type\":\"SearchAction\",\"target\":{\"@type\":\"EntryPoint\",\"urlTemplate\":\"https:\\\/\\\/iddocente.com\\\/?s={search_term_string}\"},\"query-input\":{\"@type\":\"PropertyValueSpecification\",\"valueRequired\":true,\"valueName\":\"search_term_string\"}}],\"inLanguage\":\"ca\"},{\"@type\":\"Organization\",\"@id\":\"https:\\\/\\\/iddocente.com\\\/#organization\",\"name\":\"idDOCENTE\",\"url\":\"https:\\\/\\\/iddocente.com\\\/\",\"logo\":{\"@type\":\"ImageObject\",\"inLanguage\":\"ca\",\"@id\":\"https:\\\/\\\/iddocente.com\\\/#\\\/schema\\\/logo\\\/image\\\/\",\"url\":\"https:\\\/\\\/iddocente.com\\\/wp-content\\\/uploads\\\/2017\\\/01\\\/logo-colored-295x109.png\",\"contentUrl\":\"https:\\\/\\\/iddocente.com\\\/wp-content\\\/uploads\\\/2017\\\/01\\\/logo-colored-295x109.png\",\"width\":298,\"height\":110,\"caption\":\"idDOCENTE\"},\"image\":{\"@id\":\"https:\\\/\\\/iddocente.com\\\/#\\\/schema\\\/logo\\\/image\\\/\"},\"sameAs\":[\"https:\\\/\\\/www.facebook.com\\\/IDDInnovacionDesarrolloDocente\",\"https:\\\/\\\/x.com\\\/id_DOCENTE\",\"https:\\\/\\\/www.instagram.com\\\/iddocente\\\/\",\"https:\\\/\\\/www.linkedin.com\\\/company\\\/iddocente\\\/\"]},{\"@type\":\"Person\",\"@id\":\"https:\\\/\\\/iddocente.com\\\/#\\\/schema\\\/person\\\/640d86fb276c3e2b032e21567691977d\",\"name\":\"idDOCENTE\",\"image\":{\"@type\":\"ImageObject\",\"inLanguage\":\"ca\",\"@id\":\"https:\\\/\\\/secure.gravatar.com\\\/avatar\\\/93e9c486834ddfb4122a769285ed5cb0bf26b3a5a32598e1cf8abe0654241f90?s=96&d=mm&r=g\",\"url\":\"https:\\\/\\\/secure.gravatar.com\\\/avatar\\\/93e9c486834ddfb4122a769285ed5cb0bf26b3a5a32598e1cf8abe0654241f90?s=96&d=mm&r=g\",\"contentUrl\":\"https:\\\/\\\/secure.gravatar.com\\\/avatar\\\/93e9c486834ddfb4122a769285ed5cb0bf26b3a5a32598e1cf8abe0654241f90?s=96&d=mm&r=g\",\"caption\":\"idDOCENTE\"}}]}<\/script>\n<!-- \/ Yoast SEO plugin. -->","yoast_head_json":{"title":"Recursos per a treballar la gram\u00e0tica a l'aula | idDOCENTE","description":"Descobreix la import\u00e0ncia de la gram\u00e0tica en l'educaci\u00f3 i com el seu aprenentatge beneficia als alumnes en diferents \u00e0rees de la seva vida","robots":{"index":"index","follow":"follow","max-snippet":"max-snippet:-1","max-image-preview":"max-image-preview:large","max-video-preview":"max-video-preview:-1"},"canonical":"https:\/\/iddocente.com\/ca\/recursos-per-treballar-la-gramatica-aula\/","og_locale":"ca_ES","og_type":"article","og_title":"Recursos per a treballar la gram\u00e0tica a l'aula | idDOCENTE","og_description":"Descobreix la import\u00e0ncia de la gram\u00e0tica en l'educaci\u00f3 i com el seu aprenentatge beneficia als alumnes en diferents \u00e0rees de la seva vida","og_url":"https:\/\/iddocente.com\/ca\/recursos-per-treballar-la-gramatica-aula\/","og_site_name":"idDOCENTE","article_publisher":"https:\/\/www.facebook.com\/IDDInnovacionDesarrolloDocente","article_published_time":"2024-03-13T10:15:35+00:00","article_modified_time":"2024-03-13T10:29:09+00:00","og_image":[{"width":840,"height":400,"url":"https:\/\/iddocente.com\/wp-content\/uploads\/2024\/03\/idd_recursos_gramatica.jpg","type":"image\/jpeg"}],"author":"idDOCENTE","twitter_card":"summary_large_image","twitter_creator":"@id_DOCENTE","twitter_site":"@id_DOCENTE","twitter_misc":{"Escrit per":"idDOCENTE","Temps estimat de lectura":"5 minuts"},"schema":{"@context":"https:\/\/schema.org","@graph":[{"@type":"Article","@id":"https:\/\/iddocente.com\/ca\/recursos-per-treballar-la-gramatica-aula\/#article","isPartOf":{"@id":"https:\/\/iddocente.com\/ca\/recursos-per-treballar-la-gramatica-aula\/"},"author":{"name":"idDOCENTE","@id":"https:\/\/iddocente.com\/#\/schema\/person\/640d86fb276c3e2b032e21567691977d"},"headline":"RECURSOS PER A TREBALLAR LA GRAM\u00c0TICA A L&#8217;AULA","datePublished":"2024-03-13T10:15:35+00:00","dateModified":"2024-03-13T10:29:09+00:00","mainEntityOfPage":{"@id":"https:\/\/iddocente.com\/ca\/recursos-per-treballar-la-gramatica-aula\/"},"wordCount":1135,"commentCount":0,"publisher":{"@id":"https:\/\/iddocente.com\/#organization"},"image":{"@id":"https:\/\/iddocente.com\/ca\/recursos-per-treballar-la-gramatica-aula\/#primaryimage"},"thumbnailUrl":"https:\/\/iddocente.com\/wp-content\/uploads\/2024\/03\/idd_recursos_gramatica.jpg","keywords":["escriptura","expressi\u00f3","gram\u00e0tica","llengua","prim\u00e0ria","recursos","secund\u00e0ria"],"articleSection":["RECURSOS"],"inLanguage":"ca","potentialAction":[{"@type":"CommentAction","name":"Comment","target":["https:\/\/iddocente.com\/ca\/recursos-per-treballar-la-gramatica-aula\/#respond"]}]},{"@type":"WebPage","@id":"https:\/\/iddocente.com\/ca\/recursos-per-treballar-la-gramatica-aula\/","url":"https:\/\/iddocente.com\/ca\/recursos-per-treballar-la-gramatica-aula\/","name":"Recursos per a treballar la gram\u00e0tica a l'aula | idDOCENTE","isPartOf":{"@id":"https:\/\/iddocente.com\/#website"},"primaryImageOfPage":{"@id":"https:\/\/iddocente.com\/ca\/recursos-per-treballar-la-gramatica-aula\/#primaryimage"},"image":{"@id":"https:\/\/iddocente.com\/ca\/recursos-per-treballar-la-gramatica-aula\/#primaryimage"},"thumbnailUrl":"https:\/\/iddocente.com\/wp-content\/uploads\/2024\/03\/idd_recursos_gramatica.jpg","datePublished":"2024-03-13T10:15:35+00:00","dateModified":"2024-03-13T10:29:09+00:00","description":"Descobreix la import\u00e0ncia de la gram\u00e0tica en l'educaci\u00f3 i com el seu aprenentatge beneficia als alumnes en diferents \u00e0rees de la seva vida","breadcrumb":{"@id":"https:\/\/iddocente.com\/ca\/recursos-per-treballar-la-gramatica-aula\/#breadcrumb"},"inLanguage":"ca","potentialAction":[{"@type":"ReadAction","target":["https:\/\/iddocente.com\/ca\/recursos-per-treballar-la-gramatica-aula\/"]}]},{"@type":"ImageObject","inLanguage":"ca","@id":"https:\/\/iddocente.com\/ca\/recursos-per-treballar-la-gramatica-aula\/#primaryimage","url":"https:\/\/iddocente.com\/wp-content\/uploads\/2024\/03\/idd_recursos_gramatica.jpg","contentUrl":"https:\/\/iddocente.com\/wp-content\/uploads\/2024\/03\/idd_recursos_gramatica.jpg","width":840,"height":400,"caption":"recursos gram\u00e1tica"},{"@type":"BreadcrumbList","@id":"https:\/\/iddocente.com\/ca\/recursos-per-treballar-la-gramatica-aula\/#breadcrumb","itemListElement":[{"@type":"ListItem","position":1,"name":"Portada","item":"https:\/\/iddocente.com\/ca\/"},{"@type":"ListItem","position":2,"name":"RECURSOS PER A TREBALLAR LA GRAM\u00c0TICA A L&#8217;AULA"}]},{"@type":"WebSite","@id":"https:\/\/iddocente.com\/#website","url":"https:\/\/iddocente.com\/","name":"idDOCENTE","description":"Formaci\u00f3n online para docentes y centros educativos","publisher":{"@id":"https:\/\/iddocente.com\/#organization"},"potentialAction":[{"@type":"SearchAction","target":{"@type":"EntryPoint","urlTemplate":"https:\/\/iddocente.com\/?s={search_term_string}"},"query-input":{"@type":"PropertyValueSpecification","valueRequired":true,"valueName":"search_term_string"}}],"inLanguage":"ca"},{"@type":"Organization","@id":"https:\/\/iddocente.com\/#organization","name":"idDOCENTE","url":"https:\/\/iddocente.com\/","logo":{"@type":"ImageObject","inLanguage":"ca","@id":"https:\/\/iddocente.com\/#\/schema\/logo\/image\/","url":"https:\/\/iddocente.com\/wp-content\/uploads\/2017\/01\/logo-colored-295x109.png","contentUrl":"https:\/\/iddocente.com\/wp-content\/uploads\/2017\/01\/logo-colored-295x109.png","width":298,"height":110,"caption":"idDOCENTE"},"image":{"@id":"https:\/\/iddocente.com\/#\/schema\/logo\/image\/"},"sameAs":["https:\/\/www.facebook.com\/IDDInnovacionDesarrolloDocente","https:\/\/x.com\/id_DOCENTE","https:\/\/www.instagram.com\/iddocente\/","https:\/\/www.linkedin.com\/company\/iddocente\/"]},{"@type":"Person","@id":"https:\/\/iddocente.com\/#\/schema\/person\/640d86fb276c3e2b032e21567691977d","name":"idDOCENTE","image":{"@type":"ImageObject","inLanguage":"ca","@id":"https:\/\/secure.gravatar.com\/avatar\/93e9c486834ddfb4122a769285ed5cb0bf26b3a5a32598e1cf8abe0654241f90?s=96&d=mm&r=g","url":"https:\/\/secure.gravatar.com\/avatar\/93e9c486834ddfb4122a769285ed5cb0bf26b3a5a32598e1cf8abe0654241f90?s=96&d=mm&r=g","contentUrl":"https:\/\/secure.gravatar.com\/avatar\/93e9c486834ddfb4122a769285ed5cb0bf26b3a5a32598e1cf8abe0654241f90?s=96&d=mm&r=g","caption":"idDOCENTE"}}]}},"_links":{"self":[{"href":"https:\/\/iddocente.com\/ca\/wp-json\/wp\/v2\/posts\/27444","targetHints":{"allow":["GET"]}}],"collection":[{"href":"https:\/\/iddocente.com\/ca\/wp-json\/wp\/v2\/posts"}],"about":[{"href":"https:\/\/iddocente.com\/ca\/wp-json\/wp\/v2\/types\/post"}],"author":[{"embeddable":true,"href":"https:\/\/iddocente.com\/ca\/wp-json\/wp\/v2\/users\/2"}],"replies":[{"embeddable":true,"href":"https:\/\/iddocente.com\/ca\/wp-json\/wp\/v2\/comments?post=27444"}],"version-history":[{"count":0,"href":"https:\/\/iddocente.com\/ca\/wp-json\/wp\/v2\/posts\/27444\/revisions"}],"wp:featuredmedia":[{"embeddable":true,"href":"https:\/\/iddocente.com\/ca\/wp-json\/wp\/v2\/media\/27440"}],"wp:attachment":[{"href":"https:\/\/iddocente.com\/ca\/wp-json\/wp\/v2\/media?parent=27444"}],"wp:term":[{"taxonomy":"category","embeddable":true,"href":"https:\/\/iddocente.com\/ca\/wp-json\/wp\/v2\/categories?post=27444"},{"taxonomy":"post_tag","embeddable":true,"href":"https:\/\/iddocente.com\/ca\/wp-json\/wp\/v2\/tags?post=27444"}],"curies":[{"name":"wp","href":"https:\/\/api.w.org\/{rel}","templated":true}]}}