{"id":26241,"date":"2024-01-19T10:15:07","date_gmt":"2024-01-19T09:15:07","guid":{"rendered":"https:\/\/iddocente.com\/aules-inclusives\/"},"modified":"2024-01-19T10:29:25","modified_gmt":"2024-01-19T09:29:25","slug":"aules-inclusives","status":"publish","type":"post","link":"https:\/\/iddocente.com\/ca\/aules-inclusives\/","title":{"rendered":"AULES INCLUSIVES"},"content":{"rendered":"<p>En la societat contempor\u00e0nia, la inclusi\u00f3 <strong>s&#8217;ha convertit en un valor fonamental<\/strong> en l&#8217;\u00e0mbit educatiu. Un ambient d&#8217;aprenentatge inclusiu a l&#8217;aula no sols \u00e9s una necessitat \u00e8tica, sin\u00f3 que a m\u00e9s tamb\u00e9 \u00e9s una eina poderosa per a potenciar el desenvolupament acad\u00e8mic, emocional i social de tots els alumnes siguin quals siguin les seves caracter\u00edstiques i circumst\u00e0ncies.<\/p>\n<p>La construcci\u00f3 d&#8217;un ambient d&#8217;aprenentatge inclusiu a l&#8217;aula \u00e9s un continu viatge que requereix comprom\u00eds, adaptabilitat i empatia per part de tots. En recon\u00e8ixer la diversitat i adoptar pr\u00e0ctiques inclusives, no sols estem enriquint l&#8217;educaci\u00f3 de cada alumne, sin\u00f3 que tamb\u00e9 estem sembrant les llavors per a <strong>una societat m\u00e9s comprensiva<\/strong> i respectuosa. La inclusi\u00f3 no sols \u00e9s un objectiu, sin\u00f3 tamb\u00e9 un proc\u00e9s en constant evoluci\u00f3 que transforma les aules en espais on cada alumne floreix i aconsegueix el seu m\u00e0xim potencial.<\/p>\n<p>En aquest post, explorarem qu\u00e8 s&#8217;ent\u00e9n per inclusi\u00f3, diferenciarem entre inclusi\u00f3 i integraci\u00f3, analitzarem la import\u00e0ncia de les aules inclusives i proporcionarem diverses activitats per a fomentar la inclusi\u00f3 a l&#8217;aula.<\/p>\n<p>&nbsp;<\/p>\n<h2>Qu\u00e8 s&#8217;ent\u00e9n per inclusi\u00f3?<\/h2>\n<p>La inclusi\u00f3 en el context educatiu es refereix a la pr\u00e0ctica de crear un entorn on tots els alumnes, independentment de les seves habilitats, caracter\u00edstiques personals o antecedents, se sentin valorats i respectats i puguin accedir a una educaci\u00f3 de qualitat. Es tracta d&#8217;anar m\u00e9s enll\u00e0 de la mera pres\u00e8ncia f\u00edsica a l&#8217;aula, buscant garantir que cada alumne tingui acc\u00e9s a <strong>oportunitats d&#8217;aprenentatge significatives i personalitzades<\/strong> ajustades a les seves caracter\u00edstiques personals. La inclusi\u00f3 reconeix i celebra la diversitat, reconeixent que cada alumne \u00e9s \u00fanic i aporta una cosa valuosa al grup.<\/p>\n<p>&nbsp;<\/p>\n<h2>Difer\u00e8ncia entre inclusi\u00f3 i integraci\u00f3<\/h2>\n<p>Sovint, utilitzem indistintament els termes &#8220;inclusi\u00f3&#8221; i &#8220;integraci\u00f3&#8221;. No obstant aix\u00f2, \u00e9s crucial comprendre les seves difer\u00e8ncies.<\/p>\n<p>La integraci\u00f3 implica incorporar a alumnes amb necessitats especials en aules regulars, per\u00f2 no sempre garanteix una participaci\u00f3 plena i equitativa. En canvi, la inclusi\u00f3 va m\u00e9s enll\u00e0, al no sols fomentar la pres\u00e8ncia f\u00edsica, sin\u00f3 tamb\u00e9 <strong>assegurar que tots els alumnes es benefici\u00efn de manera integral<\/strong> de l&#8217;entorn educatiu. La inclusi\u00f3 busca la participaci\u00f3 activa, el respecte mutu i la valoraci\u00f3 de les difer\u00e8ncies.<\/p>\n<p>&nbsp;<\/p>\n<h2>Qu\u00e8 s&#8217;ent\u00e9n per diversitat?<\/h2>\n<p>La diversitat en el context educatiu abasta molt m\u00e9s que les difer\u00e8ncies visibles. La diversitat reconeix la multiplicitat de perspectives i la riquesa que emana de la conviv\u00e8ncia harm\u00f2nica d&#8217;aquestes difer\u00e8ncies. D&#8217;un mode senzill, <strong>podem diferenciar entre les seg\u00fcents dimensions<\/strong> de diversitat:<\/p>\n<ul>\n<li><strong>Diversitat cultural<\/strong>: cada alumne porta amb si un bagatge cultural \u00fanic que influeix en la seva manera particular en el seu mode de percebre el m\u00f3n i, per tant, d&#8217;aprendre. Celebrar i respectar aquesta diversitat cultural a l&#8217;aula enriqueix l&#8217;aprenentatge en oferir m\u00faltiples perspectives i enfocaments a tots els companys..<\/li>\n<li><strong>Diversitat d&#8217;habilitats<\/strong>: la diversitat tamb\u00e9 es manifesta en les habilitats i talents \u00fanics que t\u00e9 cada alumne. Una aula inclusiva reconeix i valora la varietat d&#8217;habilitats cognitives, creatives i socials, oferint oportunitats perqu\u00e8 cada alumne brilli.<\/li>\n<li><strong>Diversitat socioecon\u00f2mica<\/strong>: la diversitat socioecon\u00f2mica juga un paper crucial en l&#8217;experi\u00e8ncia de cada alumne. Recon\u00e8ixer i abordar les disparitats econ\u00f2miques contribueix a la creaci\u00f3 d&#8217;un ambient on tots els alumnes tinguin igualtat d&#8217;oportunitats \u00e9s fonamental per a la inclusi\u00f3.<\/li>\n<\/ul>\n<p>&nbsp;<\/p>\n<h2>La import\u00e0ncia de les aules inclusives<\/h2>\n<p>Aula inclusiva \u00e9s un terme utilitzat en la pedagogia estatunidenca per a descriure una aula en la qual <strong>tots els alumnes<\/strong>, independentment de les seves habilitats o destreses, poden participar de manera integral.<\/p>\n<p>La creaci\u00f3 d&#8217;aules inclusives \u00e9s una estrat\u00e8gia pedag\u00f2gica que <strong>beneficia a tota la comunitat educativa<\/strong>. En proporcionar un ambient on cada alumne se sent acceptat i on t\u00e9 el seu espai, es fomenta un sentit de pertinen\u00e7a que contribueix positivament al benestar emocional i al rendiment acad\u00e8mic de tots i cadascun dels alumnes. A m\u00e9s, les aules inclusives preparen als alumnes per a viure en una societat diversa i <strong>promouen habilitats essencials<\/strong> com l&#8217;empatia, la toler\u00e0ncia i la col\u00b7laboraci\u00f3.<\/p>\n<p>&nbsp;<\/p>\n<h2>Adaptacions curriculars i avaluaci\u00f3 justa<\/h2>\n<p>Dins d&#8217;un ambient inclusiu, \u00e9s essencial implementar adaptacions curriculars que s&#8217;ajustin a les necessitats individuals dels alumnes. Aix\u00f2 pot incloure la modificaci\u00f3 de materials, la variaci\u00f3 en els m\u00e8todes d&#8217;ensenyament i la provisi\u00f3 de recursos addicionals. Aix\u00ed mateix, <strong>l&#8217;avaluaci\u00f3 ha de ser justa i flexible<\/strong>, reconeixent i valorant les diverses formes d&#8217;aprenentatge i expressi\u00f3 de cada alumne. \u00d2bviament, es tracta d&#8217;un proc\u00e9s complex, ja que personalitzar i individualitzar el proc\u00e9s d&#8217;ensenyament requereix d&#8217;un enorme esfor\u00e7, per\u00f2 els resultats s\u00f3n sempre espectaculars, ja que t\u00e9 en compte les particularitats de cadascun dels alumnes.<\/p>\n<p>&nbsp;<\/p>\n<h2>Fomentant la inclusi\u00f3 a trav\u00e9s d&#8217;activitats<\/h2>\n<p>Per a fomentar la inclusi\u00f3 a l&#8217;aula, et proposem una s\u00e8rie d&#8217;activitats senzilles i f\u00e0cils d&#8217;abordar durant la teva pr\u00e0ctica docent:<\/p>\n<ul>\n<li><strong>Projectes col\u00b7laboratius<\/strong>: dissenyar projectes que fomentin la col\u00b7laboraci\u00f3 entre alumnes, promovent el treball en equip i l&#8217;intercanvi d&#8217;idees, \u00e9s un mode ideal per al coneixement mutu, l&#8217;intercanvi d&#8217;experi\u00e8ncies i el respecte a la individualitat.<\/li>\n<li><strong>Din\u00e0miques de presentaci\u00f3 i debat<\/strong>: es tracta d&#8217;implementar activitats setmanals o mensuals on cada alumne comparteixi les seves experi\u00e8ncies, habilitats i passions, creant un espai on tots se sentin valorats.<\/li>\n<li><strong>Jocs inclusius<\/strong>: es tractaria d&#8217;utilitzar jocs que no requereixin habilitats espec\u00edfiques, permetent que tots els alumnes\u00a0 participin i es diverteixin junts. Poden ser jocs grupals, de rol, de teatralitzaci\u00f3, etc.<\/li>\n<li><strong>Racons d&#8217;aprenentatge<\/strong>: els espais espec\u00edfics a l&#8217;aula que atenguin diferents estils d&#8217;aprenentatge, proporcionant opcions per a la lectura, l&#8217;experimentaci\u00f3 pr\u00e0ctica o la reflexi\u00f3, s\u00f3n tamb\u00e9 magn\u00edfiques eines per a fomentar la inclusi\u00f3 de l&#8217;alumnat.<\/li>\n<li><strong>Programes de mentors o tutories entre iguals<\/strong>: una altra de les opcions que fomenten una aula inclusiva \u00e9s establir programes de mentors o tutoria entre iguals entre els nostres alumnes per a promoure relacions positives i brindar suport mutu.<\/li>\n<li><strong>Jornades culturals<\/strong>: tamb\u00e9 podem organitzar esdeveniments on els alumnes puguin compartir aspectes de les seves cultures i tradicions, aix\u00ed com les seves habilitats particulars i talents, fomentant l&#8217;enteniment i l&#8217;apreciaci\u00f3 m\u00fatua.<\/li>\n<li><strong>Xerrades inspiradores<\/strong>: convidar a oradors que representin diverses traject\u00f2ries de vida, proporcionant als alumnes models a continuar diversos i motivadors, tamb\u00e9 pot ajudar-nos a crear aules i centres educatius inclusius.<\/li>\n<li><strong>Projectes de consci\u00e8ncia<\/strong>: per a fomentar la inclusi\u00f3, \u00e9s fonamental que tant pares com alumnes estiguin conscienciats i sensibilitat cap a la diversitat en les seves m\u00faltiples facetes. Per aix\u00f2, una bona estrat\u00e8gia \u00e9s implementar projectes que abordin temes de diversitat, fomentant la recerca i la reflexi\u00f3 cr\u00edtica sobre q\u00fcestions socials rellevants.<\/li>\n<li><strong>Cercles de di\u00e0leg<\/strong>: l&#8217;establiment d&#8217;espais segurs on els alumnes puguin compartir les seves experi\u00e8ncies i perspectives, promovent l&#8217;enteniment i la solidaritat entre parells, \u00e9s un recurs que tamb\u00e9 podem utilitzar a l&#8217;aula.<\/li>\n<\/ul>\n<p>&nbsp;<\/p>\n<p>La inclusi\u00f3 en l&#8217;educaci\u00f3 \u00e9s essencial en la nostra societat. En adoptar pr\u00e0ctiques inclusives i recon\u00e8ixer la diversitat, no sols enriquim l&#8217;educaci\u00f3, sin\u00f3 que tamb\u00e9 conreem una societat comprensiva i respectuosa.<\/p>\n","protected":false},"excerpt":{"rendered":"<p>En la societat contempor\u00e0nia, la inclusi\u00f3 s&#8217;ha convertit en un valor fonamental en l&#8217;\u00e0mbit educatiu. Un ambient d&#8217;aprenentatge inclusiu a l&#8217;aula no sols \u00e9s una necessitat \u00e8tica, sin\u00f3 que a m\u00e9s tamb\u00e9 \u00e9s una eina poderosa per a potenciar el desenvolupament acad\u00e8mic, emocional i social de tots els alumnes siguin quals siguin les seves caracter\u00edstiques [&hellip;]<\/p>\n","protected":false},"author":2,"featured_media":26240,"comment_status":"open","ping_status":"open","sticky":false,"template":"","format":"standard","meta":{"_acf_changed":false,"footnotes":""},"categories":[898],"tags":[953,960,962,927,1020,918],"class_list":["post-26241","post","type-post","status-publish","format-standard","has-post-thumbnail","hentry","category-educacio","tag-activitats","tag-aprenentatge","tag-aula-ca","tag-avaluacio","tag-diversitat","tag-inclusio"],"acf":[],"yoast_head":"<!-- This site is optimized with the Yoast SEO plugin v27.3 - https:\/\/yoast.com\/product\/yoast-seo-wordpress\/ -->\n<title>Aules inclusives | idDOCENTE<\/title>\n<meta name=\"description\" content=\"La creaci\u00f3 d&#039;aules inclusives \u00e9s una estrat\u00e8gia pedag\u00f2gica essencial que beneficia a tota la comunitat educativa\" \/>\n<meta name=\"robots\" content=\"index, follow, max-snippet:-1, max-image-preview:large, max-video-preview:-1\" \/>\n<link rel=\"canonical\" href=\"https:\/\/iddocente.com\/ca\/aules-inclusives\/\" \/>\n<meta property=\"og:locale\" content=\"ca_ES\" \/>\n<meta property=\"og:type\" content=\"article\" \/>\n<meta property=\"og:title\" content=\"Aules inclusives | idDOCENTE\" \/>\n<meta property=\"og:description\" content=\"La creaci\u00f3 d&#039;aules inclusives \u00e9s una estrat\u00e8gia pedag\u00f2gica essencial que beneficia a tota la comunitat educativa\" \/>\n<meta property=\"og:url\" content=\"https:\/\/iddocente.com\/ca\/aules-inclusives\/\" \/>\n<meta property=\"og:site_name\" content=\"idDOCENTE\" \/>\n<meta property=\"article:publisher\" content=\"https:\/\/www.facebook.com\/IDDInnovacionDesarrolloDocente\" \/>\n<meta property=\"article:published_time\" content=\"2024-01-19T09:15:07+00:00\" \/>\n<meta property=\"article:modified_time\" content=\"2024-01-19T09:29:25+00:00\" \/>\n<meta property=\"og:image\" content=\"https:\/\/iddocente.com\/wp-content\/uploads\/2024\/01\/idd_aulas_inclusivas.jpg\" \/>\n\t<meta property=\"og:image:width\" content=\"840\" \/>\n\t<meta property=\"og:image:height\" content=\"400\" \/>\n\t<meta property=\"og:image:type\" content=\"image\/jpeg\" \/>\n<meta name=\"author\" content=\"idDOCENTE\" \/>\n<meta name=\"twitter:card\" content=\"summary_large_image\" \/>\n<meta name=\"twitter:creator\" content=\"@id_DOCENTE\" \/>\n<meta name=\"twitter:site\" content=\"@id_DOCENTE\" \/>\n<meta name=\"twitter:label1\" content=\"Escrit per\" \/>\n\t<meta name=\"twitter:data1\" content=\"idDOCENTE\" \/>\n\t<meta name=\"twitter:label2\" content=\"Temps estimat de lectura\" \/>\n\t<meta name=\"twitter:data2\" content=\"6 minuts\" \/>\n<script type=\"application\/ld+json\" class=\"yoast-schema-graph\">{\"@context\":\"https:\\\/\\\/schema.org\",\"@graph\":[{\"@type\":\"Article\",\"@id\":\"https:\\\/\\\/iddocente.com\\\/ca\\\/aules-inclusives\\\/#article\",\"isPartOf\":{\"@id\":\"https:\\\/\\\/iddocente.com\\\/ca\\\/aules-inclusives\\\/\"},\"author\":{\"name\":\"idDOCENTE\",\"@id\":\"https:\\\/\\\/iddocente.com\\\/#\\\/schema\\\/person\\\/640d86fb276c3e2b032e21567691977d\"},\"headline\":\"AULES INCLUSIVES\",\"datePublished\":\"2024-01-19T09:15:07+00:00\",\"dateModified\":\"2024-01-19T09:29:25+00:00\",\"mainEntityOfPage\":{\"@id\":\"https:\\\/\\\/iddocente.com\\\/ca\\\/aules-inclusives\\\/\"},\"wordCount\":1257,\"commentCount\":0,\"publisher\":{\"@id\":\"https:\\\/\\\/iddocente.com\\\/#organization\"},\"image\":{\"@id\":\"https:\\\/\\\/iddocente.com\\\/ca\\\/aules-inclusives\\\/#primaryimage\"},\"thumbnailUrl\":\"https:\\\/\\\/iddocente.com\\\/wp-content\\\/uploads\\\/2024\\\/01\\\/idd_aulas_inclusivas.jpg\",\"keywords\":[\"activitats\",\"aprenentatge\",\"aula\",\"avaluaci\u00f3\",\"diversitat\",\"inclusi\u00f3\"],\"articleSection\":[\"EDUCACI\u00d3\"],\"inLanguage\":\"ca\",\"potentialAction\":[{\"@type\":\"CommentAction\",\"name\":\"Comment\",\"target\":[\"https:\\\/\\\/iddocente.com\\\/ca\\\/aules-inclusives\\\/#respond\"]}]},{\"@type\":\"WebPage\",\"@id\":\"https:\\\/\\\/iddocente.com\\\/ca\\\/aules-inclusives\\\/\",\"url\":\"https:\\\/\\\/iddocente.com\\\/ca\\\/aules-inclusives\\\/\",\"name\":\"Aules inclusives | idDOCENTE\",\"isPartOf\":{\"@id\":\"https:\\\/\\\/iddocente.com\\\/#website\"},\"primaryImageOfPage\":{\"@id\":\"https:\\\/\\\/iddocente.com\\\/ca\\\/aules-inclusives\\\/#primaryimage\"},\"image\":{\"@id\":\"https:\\\/\\\/iddocente.com\\\/ca\\\/aules-inclusives\\\/#primaryimage\"},\"thumbnailUrl\":\"https:\\\/\\\/iddocente.com\\\/wp-content\\\/uploads\\\/2024\\\/01\\\/idd_aulas_inclusivas.jpg\",\"datePublished\":\"2024-01-19T09:15:07+00:00\",\"dateModified\":\"2024-01-19T09:29:25+00:00\",\"description\":\"La creaci\u00f3 d'aules inclusives \u00e9s una estrat\u00e8gia pedag\u00f2gica essencial que beneficia a tota la comunitat educativa\",\"breadcrumb\":{\"@id\":\"https:\\\/\\\/iddocente.com\\\/ca\\\/aules-inclusives\\\/#breadcrumb\"},\"inLanguage\":\"ca\",\"potentialAction\":[{\"@type\":\"ReadAction\",\"target\":[\"https:\\\/\\\/iddocente.com\\\/ca\\\/aules-inclusives\\\/\"]}]},{\"@type\":\"ImageObject\",\"inLanguage\":\"ca\",\"@id\":\"https:\\\/\\\/iddocente.com\\\/ca\\\/aules-inclusives\\\/#primaryimage\",\"url\":\"https:\\\/\\\/iddocente.com\\\/wp-content\\\/uploads\\\/2024\\\/01\\\/idd_aulas_inclusivas.jpg\",\"contentUrl\":\"https:\\\/\\\/iddocente.com\\\/wp-content\\\/uploads\\\/2024\\\/01\\\/idd_aulas_inclusivas.jpg\",\"width\":840,\"height\":400,\"caption\":\"aulas inclusivas\"},{\"@type\":\"BreadcrumbList\",\"@id\":\"https:\\\/\\\/iddocente.com\\\/ca\\\/aules-inclusives\\\/#breadcrumb\",\"itemListElement\":[{\"@type\":\"ListItem\",\"position\":1,\"name\":\"Portada\",\"item\":\"https:\\\/\\\/iddocente.com\\\/ca\\\/\"},{\"@type\":\"ListItem\",\"position\":2,\"name\":\"AULES INCLUSIVES\"}]},{\"@type\":\"WebSite\",\"@id\":\"https:\\\/\\\/iddocente.com\\\/#website\",\"url\":\"https:\\\/\\\/iddocente.com\\\/\",\"name\":\"idDOCENTE\",\"description\":\"Formaci\u00f3n online para docentes y centros educativos\",\"publisher\":{\"@id\":\"https:\\\/\\\/iddocente.com\\\/#organization\"},\"potentialAction\":[{\"@type\":\"SearchAction\",\"target\":{\"@type\":\"EntryPoint\",\"urlTemplate\":\"https:\\\/\\\/iddocente.com\\\/?s={search_term_string}\"},\"query-input\":{\"@type\":\"PropertyValueSpecification\",\"valueRequired\":true,\"valueName\":\"search_term_string\"}}],\"inLanguage\":\"ca\"},{\"@type\":\"Organization\",\"@id\":\"https:\\\/\\\/iddocente.com\\\/#organization\",\"name\":\"idDOCENTE\",\"url\":\"https:\\\/\\\/iddocente.com\\\/\",\"logo\":{\"@type\":\"ImageObject\",\"inLanguage\":\"ca\",\"@id\":\"https:\\\/\\\/iddocente.com\\\/#\\\/schema\\\/logo\\\/image\\\/\",\"url\":\"https:\\\/\\\/iddocente.com\\\/wp-content\\\/uploads\\\/2017\\\/01\\\/logo-colored-295x109.png\",\"contentUrl\":\"https:\\\/\\\/iddocente.com\\\/wp-content\\\/uploads\\\/2017\\\/01\\\/logo-colored-295x109.png\",\"width\":298,\"height\":110,\"caption\":\"idDOCENTE\"},\"image\":{\"@id\":\"https:\\\/\\\/iddocente.com\\\/#\\\/schema\\\/logo\\\/image\\\/\"},\"sameAs\":[\"https:\\\/\\\/www.facebook.com\\\/IDDInnovacionDesarrolloDocente\",\"https:\\\/\\\/x.com\\\/id_DOCENTE\",\"https:\\\/\\\/www.instagram.com\\\/iddocente\\\/\",\"https:\\\/\\\/www.linkedin.com\\\/company\\\/iddocente\\\/\"]},{\"@type\":\"Person\",\"@id\":\"https:\\\/\\\/iddocente.com\\\/#\\\/schema\\\/person\\\/640d86fb276c3e2b032e21567691977d\",\"name\":\"idDOCENTE\",\"image\":{\"@type\":\"ImageObject\",\"inLanguage\":\"ca\",\"@id\":\"https:\\\/\\\/secure.gravatar.com\\\/avatar\\\/93e9c486834ddfb4122a769285ed5cb0bf26b3a5a32598e1cf8abe0654241f90?s=96&d=mm&r=g\",\"url\":\"https:\\\/\\\/secure.gravatar.com\\\/avatar\\\/93e9c486834ddfb4122a769285ed5cb0bf26b3a5a32598e1cf8abe0654241f90?s=96&d=mm&r=g\",\"contentUrl\":\"https:\\\/\\\/secure.gravatar.com\\\/avatar\\\/93e9c486834ddfb4122a769285ed5cb0bf26b3a5a32598e1cf8abe0654241f90?s=96&d=mm&r=g\",\"caption\":\"idDOCENTE\"}}]}<\/script>\n<!-- \/ Yoast SEO plugin. -->","yoast_head_json":{"title":"Aules inclusives | idDOCENTE","description":"La creaci\u00f3 d'aules inclusives \u00e9s una estrat\u00e8gia pedag\u00f2gica essencial que beneficia a tota la comunitat educativa","robots":{"index":"index","follow":"follow","max-snippet":"max-snippet:-1","max-image-preview":"max-image-preview:large","max-video-preview":"max-video-preview:-1"},"canonical":"https:\/\/iddocente.com\/ca\/aules-inclusives\/","og_locale":"ca_ES","og_type":"article","og_title":"Aules inclusives | idDOCENTE","og_description":"La creaci\u00f3 d'aules inclusives \u00e9s una estrat\u00e8gia pedag\u00f2gica essencial que beneficia a tota la comunitat educativa","og_url":"https:\/\/iddocente.com\/ca\/aules-inclusives\/","og_site_name":"idDOCENTE","article_publisher":"https:\/\/www.facebook.com\/IDDInnovacionDesarrolloDocente","article_published_time":"2024-01-19T09:15:07+00:00","article_modified_time":"2024-01-19T09:29:25+00:00","og_image":[{"width":840,"height":400,"url":"https:\/\/iddocente.com\/wp-content\/uploads\/2024\/01\/idd_aulas_inclusivas.jpg","type":"image\/jpeg"}],"author":"idDOCENTE","twitter_card":"summary_large_image","twitter_creator":"@id_DOCENTE","twitter_site":"@id_DOCENTE","twitter_misc":{"Escrit per":"idDOCENTE","Temps estimat de lectura":"6 minuts"},"schema":{"@context":"https:\/\/schema.org","@graph":[{"@type":"Article","@id":"https:\/\/iddocente.com\/ca\/aules-inclusives\/#article","isPartOf":{"@id":"https:\/\/iddocente.com\/ca\/aules-inclusives\/"},"author":{"name":"idDOCENTE","@id":"https:\/\/iddocente.com\/#\/schema\/person\/640d86fb276c3e2b032e21567691977d"},"headline":"AULES INCLUSIVES","datePublished":"2024-01-19T09:15:07+00:00","dateModified":"2024-01-19T09:29:25+00:00","mainEntityOfPage":{"@id":"https:\/\/iddocente.com\/ca\/aules-inclusives\/"},"wordCount":1257,"commentCount":0,"publisher":{"@id":"https:\/\/iddocente.com\/#organization"},"image":{"@id":"https:\/\/iddocente.com\/ca\/aules-inclusives\/#primaryimage"},"thumbnailUrl":"https:\/\/iddocente.com\/wp-content\/uploads\/2024\/01\/idd_aulas_inclusivas.jpg","keywords":["activitats","aprenentatge","aula","avaluaci\u00f3","diversitat","inclusi\u00f3"],"articleSection":["EDUCACI\u00d3"],"inLanguage":"ca","potentialAction":[{"@type":"CommentAction","name":"Comment","target":["https:\/\/iddocente.com\/ca\/aules-inclusives\/#respond"]}]},{"@type":"WebPage","@id":"https:\/\/iddocente.com\/ca\/aules-inclusives\/","url":"https:\/\/iddocente.com\/ca\/aules-inclusives\/","name":"Aules inclusives | idDOCENTE","isPartOf":{"@id":"https:\/\/iddocente.com\/#website"},"primaryImageOfPage":{"@id":"https:\/\/iddocente.com\/ca\/aules-inclusives\/#primaryimage"},"image":{"@id":"https:\/\/iddocente.com\/ca\/aules-inclusives\/#primaryimage"},"thumbnailUrl":"https:\/\/iddocente.com\/wp-content\/uploads\/2024\/01\/idd_aulas_inclusivas.jpg","datePublished":"2024-01-19T09:15:07+00:00","dateModified":"2024-01-19T09:29:25+00:00","description":"La creaci\u00f3 d'aules inclusives \u00e9s una estrat\u00e8gia pedag\u00f2gica essencial que beneficia a tota la comunitat educativa","breadcrumb":{"@id":"https:\/\/iddocente.com\/ca\/aules-inclusives\/#breadcrumb"},"inLanguage":"ca","potentialAction":[{"@type":"ReadAction","target":["https:\/\/iddocente.com\/ca\/aules-inclusives\/"]}]},{"@type":"ImageObject","inLanguage":"ca","@id":"https:\/\/iddocente.com\/ca\/aules-inclusives\/#primaryimage","url":"https:\/\/iddocente.com\/wp-content\/uploads\/2024\/01\/idd_aulas_inclusivas.jpg","contentUrl":"https:\/\/iddocente.com\/wp-content\/uploads\/2024\/01\/idd_aulas_inclusivas.jpg","width":840,"height":400,"caption":"aulas inclusivas"},{"@type":"BreadcrumbList","@id":"https:\/\/iddocente.com\/ca\/aules-inclusives\/#breadcrumb","itemListElement":[{"@type":"ListItem","position":1,"name":"Portada","item":"https:\/\/iddocente.com\/ca\/"},{"@type":"ListItem","position":2,"name":"AULES INCLUSIVES"}]},{"@type":"WebSite","@id":"https:\/\/iddocente.com\/#website","url":"https:\/\/iddocente.com\/","name":"idDOCENTE","description":"Formaci\u00f3n online para docentes y centros educativos","publisher":{"@id":"https:\/\/iddocente.com\/#organization"},"potentialAction":[{"@type":"SearchAction","target":{"@type":"EntryPoint","urlTemplate":"https:\/\/iddocente.com\/?s={search_term_string}"},"query-input":{"@type":"PropertyValueSpecification","valueRequired":true,"valueName":"search_term_string"}}],"inLanguage":"ca"},{"@type":"Organization","@id":"https:\/\/iddocente.com\/#organization","name":"idDOCENTE","url":"https:\/\/iddocente.com\/","logo":{"@type":"ImageObject","inLanguage":"ca","@id":"https:\/\/iddocente.com\/#\/schema\/logo\/image\/","url":"https:\/\/iddocente.com\/wp-content\/uploads\/2017\/01\/logo-colored-295x109.png","contentUrl":"https:\/\/iddocente.com\/wp-content\/uploads\/2017\/01\/logo-colored-295x109.png","width":298,"height":110,"caption":"idDOCENTE"},"image":{"@id":"https:\/\/iddocente.com\/#\/schema\/logo\/image\/"},"sameAs":["https:\/\/www.facebook.com\/IDDInnovacionDesarrolloDocente","https:\/\/x.com\/id_DOCENTE","https:\/\/www.instagram.com\/iddocente\/","https:\/\/www.linkedin.com\/company\/iddocente\/"]},{"@type":"Person","@id":"https:\/\/iddocente.com\/#\/schema\/person\/640d86fb276c3e2b032e21567691977d","name":"idDOCENTE","image":{"@type":"ImageObject","inLanguage":"ca","@id":"https:\/\/secure.gravatar.com\/avatar\/93e9c486834ddfb4122a769285ed5cb0bf26b3a5a32598e1cf8abe0654241f90?s=96&d=mm&r=g","url":"https:\/\/secure.gravatar.com\/avatar\/93e9c486834ddfb4122a769285ed5cb0bf26b3a5a32598e1cf8abe0654241f90?s=96&d=mm&r=g","contentUrl":"https:\/\/secure.gravatar.com\/avatar\/93e9c486834ddfb4122a769285ed5cb0bf26b3a5a32598e1cf8abe0654241f90?s=96&d=mm&r=g","caption":"idDOCENTE"}}]}},"_links":{"self":[{"href":"https:\/\/iddocente.com\/ca\/wp-json\/wp\/v2\/posts\/26241","targetHints":{"allow":["GET"]}}],"collection":[{"href":"https:\/\/iddocente.com\/ca\/wp-json\/wp\/v2\/posts"}],"about":[{"href":"https:\/\/iddocente.com\/ca\/wp-json\/wp\/v2\/types\/post"}],"author":[{"embeddable":true,"href":"https:\/\/iddocente.com\/ca\/wp-json\/wp\/v2\/users\/2"}],"replies":[{"embeddable":true,"href":"https:\/\/iddocente.com\/ca\/wp-json\/wp\/v2\/comments?post=26241"}],"version-history":[{"count":0,"href":"https:\/\/iddocente.com\/ca\/wp-json\/wp\/v2\/posts\/26241\/revisions"}],"wp:featuredmedia":[{"embeddable":true,"href":"https:\/\/iddocente.com\/ca\/wp-json\/wp\/v2\/media\/26240"}],"wp:attachment":[{"href":"https:\/\/iddocente.com\/ca\/wp-json\/wp\/v2\/media?parent=26241"}],"wp:term":[{"taxonomy":"category","embeddable":true,"href":"https:\/\/iddocente.com\/ca\/wp-json\/wp\/v2\/categories?post=26241"},{"taxonomy":"post_tag","embeddable":true,"href":"https:\/\/iddocente.com\/ca\/wp-json\/wp\/v2\/tags?post=26241"}],"curies":[{"name":"wp","href":"https:\/\/api.w.org\/{rel}","templated":true}]}}