{"id":23852,"date":"2023-09-01T10:34:38","date_gmt":"2023-09-01T09:34:38","guid":{"rendered":"https:\/\/iddocente.com\/?p=23852"},"modified":"2023-09-06T10:40:51","modified_gmt":"2023-09-06T09:40:51","slug":"preguntar-o-no-preguntar-sobre-les-vacances-destiu","status":"publish","type":"post","link":"https:\/\/iddocente.com\/ca\/preguntar-o-no-preguntar-sobre-les-vacances-destiu\/","title":{"rendered":"PREGUNTAR O NO PREGUNTAR SOBRE LES VACANCES D&#8217;ESTIU"},"content":{"rendered":"<p>L&#8217;inici del nou curs escolar porta amb si sempre una pregunta ja tradicional entre professors i alumnes: &#8220;<strong>Com han anat les teves vacances d&#8217;estiu?&#8221;<\/strong>. Si b\u00e9, a priori, aquesta pregunta pot semblar una q\u00fcesti\u00f3 inofensiva, a vegades pot plantejar problemes sensibles i complexos en el context educatiu. La disparitat en les experi\u00e8ncies dels estudiants durant les vacances, especialment per a aquells amb pocs recursos econ\u00f2mics o per la impossibilitat de vacances pel treball dels seus pares, pot portar al fet que alguns se sentin exclosos o inc\u00f2modes.<\/p>\n<p>En aquest post analitzarem els problemes associats amb preguntar als alumnes sobre les seves vacances d&#8217;estiu, considerarem si \u00e9s aconsellable fer-ho o no i proporcionarem pautes sobre <strong>com formular aquesta pregunta de manera inclusiva i respectuosa<\/strong> si, al final, decidim realitzar-la.<\/p>\n<p>&nbsp;<\/p>\n<h2>\u00c9s aconsellable preguntar?<\/h2>\n<p>Quan es vol a una persona \u00e9s absolutament normal preguntar-li per la seva vida. Aix\u00f2 tamb\u00e9 ens passa amb els nostres alumnat. Cap docent preguntaria als seus alumnes sobre les vacances amb intenci\u00f3 d&#8217;incomodar-los. No obstant aix\u00f2, a vegades, s\u00ed que pot incomodar. Per aix\u00f2, <strong>la pregunta sobre les vacances d&#8217;estiu pot ser un dilema per als docents<\/strong>. D&#8217;una banda, el primer dia de classe, pot ajudar a crear un ambient relaxat i propici per a la interrelaci\u00f3 entre els alumnes i els professors, per\u00f2, d&#8217;altra banda, pot donar lloc als problemes esmentats en la introducci\u00f3 i que desenvolupem a continuaci\u00f3.<\/p>\n<p>Problemes que poden apar\u00e8ixer en realitzar la pregunta:<\/p>\n<ul>\n<li><strong>Desigualtat econ\u00f2mica<\/strong>: un dels problemes m\u00e9s evidents \u00e9s la disparitat econ\u00f2mica. Alguns estudiants tenen l&#8217;oportunitat de gaudir de viatges luxosos i activitats costoses, mentre que uns altres poden haver passat les vacances a casa a causa de les limitacions econ\u00f2miques de la fam\u00edlia. Preguntar sobre les vacances pot fer m\u00e9s visible aquesta difer\u00e8ncia i crear un ambient de compet\u00e8ncia o enveja entre els alumnes.<\/li>\n<li><strong>Exclusi\u00f3 social<\/strong>: d&#8217;altra banda, aquells estudiants que no van poder viatjar per les raons assenyalades anteriorment poden sentir-se tamb\u00e9 exclosos o marginats en escoltar els seus companys compartir la hist\u00f2ria de les seves vacances. Aix\u00f2 pot tenir un impacte negatiu en la seva autoestima.<\/li>\n<li><strong>Privacitat i sensibilitat<\/strong>: d&#8217;altra banda, alguns estudiants poden haver-se enfrontat a situacions personals dif\u00edcils durant les vacances, com a malalties familiars o problemes emocionals, que els resulta dif\u00edcil analitzar i expressar. Preguntar sobre les seves experi\u00e8ncies pot ser invasiu i potencialment pertorbador per a aquests estudiants, aix\u00ed com per a aquells estudiants introvertits que els agrada mantenir la privacitat sobre la seva vida.<\/li>\n<\/ul>\n<p>&nbsp;<\/p>\n<h2>Com preguntar de manera inclusiva<\/h2>\n<p>\u00c9s evident que el m\u00e9s c\u00f2mode perqu\u00e8 no es generi cap problema \u00e9s no preguntar-los als alumnes per les vacances. No obstant aix\u00f2, entre ells segurament ja hauran parlat per les seves xarxes socials i, si no, ho faran molt probablement al pati. D&#8217;altra banda, potser parlar sobre les vacances amb les tem\u00e0tiques que puguin sorgir tamb\u00e9 ens pot ajudar a afrontar aquestes tem\u00e0tiques a l&#8217;aula.<\/p>\n<p>Si, finalment, decideixes preguntar, aquests s\u00f3n algunes orientacions:<\/p>\n<ul>\n<li><strong>Abordar-ho d&#8217;una manera m\u00e9s general<\/strong>: en lloc de preguntar directament sobre les vacances, podem preguntar sobre les activitats que els estudiants han realitzat i gaudit durant l&#8217;estiu. Aix\u00f2 permet que tots comparteixin les seves experi\u00e8ncies sense haver de revelar detalls personals o econ\u00f2mics sobre les seves vacances.<\/li>\n<li><strong>Usar un enfocament positiu<\/strong>: en lloc de preguntar &#8220;Com han anat les teves vacances?&#8221;, podem preguntar &#8220;Quins moments especials o divertits vas experimentar durant l&#8217;estiu?&#8221;. Aix\u00f2 posa l&#8217;\u00e8mfasi en els aspectes positius de les vacances i evita comparacions directes.<\/li>\n<li><strong>Fomentar l&#8217;empatia<\/strong>: despr\u00e9s que els alumnes hagin compartit les seves experi\u00e8ncies, podem establir un debat sobre les diverses viv\u00e8ncies compartides. Aix\u00f2 pot ajudar a crear un ambient m\u00e9s comprensiu i solidari.<\/li>\n<li><strong>Oferir alternatives<\/strong>: podem preguntar quants han llegit un llibre, quants han apr\u00e8s una nova habilitat, quants han passat temps amb la fam\u00edlia, quants han passejat per la naturalesa&#8230; Aix\u00f2 amplia l&#8217;espectre d&#8217;experi\u00e8ncies que es poden compartir.<\/li>\n<li><strong>Fer-ho de manera volunt\u00e0ria<\/strong>: per a respectar la individualitat dels nostres alumnes, podem oferir la possibilitat de parlar de les vacances de manera volunt\u00e0ria. Inicialment, alguns alumnes prefereixen no fer-ho, per\u00f2 si observen que no es \u201cenjudicia\u201d les vacances de cadasc\u00fa sin\u00f3 que es valoren les experi\u00e8ncia, finalment molts volen participar, ja que compartir experi\u00e8ncies \u00e9s part de les necessitats humanes de comunicaci\u00f3 i interrelaci\u00f3.<\/li>\n<li><strong>Crear un ambient dist\u00e8s<\/strong>: quan s&#8217;aborden situacions personals, \u00e9s fonamental crear un ambient dist\u00e8s, m\u00e9s enll\u00e0 del rigor de les cadires i les taules d&#8217;aula, on tots se sentin segurs i protegits.<\/li>\n<\/ul>\n<p>&nbsp;<\/p>\n<h2>Conclusi\u00f3<\/h2>\n<p>La pregunta aparentment inofensiva sobre les vacances d&#8217;estiu <strong>pot desencadenar una s\u00e8rie de problemes sensibles<\/strong> a l&#8217;aula per als alumnes. La <strong>desigualtat econ\u00f2mica, l&#8217;exclusi\u00f3 social i la invasi\u00f3 de la privacitat<\/strong> s\u00f3n nom\u00e9s alguns dels desafiaments que poden sorgir i als quals ha d&#8217;enfrontar-se el docent. No obstant aix\u00f2, amb enfocament i empatia, els professors poden abordar aquest tema de manera inclusiva i respectuosa, fomentant un entorn on cada estudiant se senti valorat i compr\u00e8s, independentment de les seves experi\u00e8ncies durant les vacances d&#8217;estiu.<\/p>\n","protected":false},"excerpt":{"rendered":"<p>L&#8217;inici del nou curs escolar porta amb si sempre una pregunta ja tradicional entre professors i alumnes: &#8220;Com han anat les teves vacances d&#8217;estiu?&#8221;. Si b\u00e9, a priori, aquesta pregunta pot semblar una q\u00fcesti\u00f3 inofensiva, a vegades pot plantejar problemes sensibles i complexos en el context educatiu. La disparitat en les experi\u00e8ncies dels estudiants durant [&hellip;]<\/p>\n","protected":false},"author":2,"featured_media":23836,"comment_status":"open","ping_status":"open","sticky":false,"template":"","format":"standard","meta":{"_acf_changed":false,"footnotes":""},"categories":[898],"tags":[920,922,918,921,919,899,917,916],"class_list":["post-23852","post","type-post","status-publish","format-standard","has-post-thumbnail","hentry","category-educacio","tag-estiu","tag-exclusio","tag-inclusio","tag-preguntar-ca","tag-privacitat","tag-recursos-ca","tag-respecte","tag-vacances"],"acf":[],"yoast_head":"<!-- This site is optimized with the Yoast SEO plugin v27.3 - https:\/\/yoast.com\/product\/yoast-seo-wordpress\/ -->\n<title>Preguntar o no preguntar sobre les vacances | idDOCENTE<\/title>\n<meta name=\"description\" content=\"En aquest post analitzarem els problemes associats amb preguntar als alumnes sobre les seves vacances d&#039;estiu\" \/>\n<meta name=\"robots\" content=\"index, follow, max-snippet:-1, max-image-preview:large, max-video-preview:-1\" \/>\n<link rel=\"canonical\" href=\"https:\/\/iddocente.com\/ca\/preguntar-o-no-preguntar-sobre-les-vacances-destiu\/\" \/>\n<meta property=\"og:locale\" content=\"ca_ES\" \/>\n<meta property=\"og:type\" content=\"article\" \/>\n<meta property=\"og:title\" content=\"Preguntar o no preguntar sobre les vacances | idDOCENTE\" \/>\n<meta property=\"og:description\" content=\"En aquest post analitzarem els problemes associats amb preguntar als alumnes sobre les seves vacances d&#039;estiu\" \/>\n<meta property=\"og:url\" content=\"https:\/\/iddocente.com\/ca\/preguntar-o-no-preguntar-sobre-les-vacances-destiu\/\" \/>\n<meta property=\"og:site_name\" content=\"idDOCENTE\" \/>\n<meta property=\"article:publisher\" content=\"https:\/\/www.facebook.com\/IDDInnovacionDesarrolloDocente\" \/>\n<meta property=\"article:published_time\" content=\"2023-09-01T09:34:38+00:00\" \/>\n<meta property=\"article:modified_time\" content=\"2023-09-06T09:40:51+00:00\" \/>\n<meta property=\"og:image\" content=\"https:\/\/iddocente.com\/wp-content\/uploads\/2023\/08\/idd_preguntar_vacaciones.jpg\" \/>\n\t<meta property=\"og:image:width\" content=\"840\" \/>\n\t<meta property=\"og:image:height\" content=\"400\" \/>\n\t<meta property=\"og:image:type\" content=\"image\/jpeg\" \/>\n<meta name=\"author\" content=\"idDOCENTE\" \/>\n<meta name=\"twitter:card\" content=\"summary_large_image\" \/>\n<meta name=\"twitter:creator\" content=\"@id_DOCENTE\" \/>\n<meta name=\"twitter:site\" content=\"@id_DOCENTE\" \/>\n<meta name=\"twitter:label1\" content=\"Escrit per\" \/>\n\t<meta name=\"twitter:data1\" content=\"idDOCENTE\" \/>\n\t<meta name=\"twitter:label2\" content=\"Temps estimat de lectura\" \/>\n\t<meta name=\"twitter:data2\" content=\"4 minuts\" \/>\n<script type=\"application\/ld+json\" class=\"yoast-schema-graph\">{\"@context\":\"https:\\\/\\\/schema.org\",\"@graph\":[{\"@type\":\"Article\",\"@id\":\"https:\\\/\\\/iddocente.com\\\/ca\\\/preguntar-o-no-preguntar-sobre-les-vacances-destiu\\\/#article\",\"isPartOf\":{\"@id\":\"https:\\\/\\\/iddocente.com\\\/ca\\\/preguntar-o-no-preguntar-sobre-les-vacances-destiu\\\/\"},\"author\":{\"name\":\"idDOCENTE\",\"@id\":\"https:\\\/\\\/iddocente.com\\\/#\\\/schema\\\/person\\\/640d86fb276c3e2b032e21567691977d\"},\"headline\":\"PREGUNTAR O NO PREGUNTAR SOBRE LES VACANCES D&#8217;ESTIU\",\"datePublished\":\"2023-09-01T09:34:38+00:00\",\"dateModified\":\"2023-09-06T09:40:51+00:00\",\"mainEntityOfPage\":{\"@id\":\"https:\\\/\\\/iddocente.com\\\/ca\\\/preguntar-o-no-preguntar-sobre-les-vacances-destiu\\\/\"},\"wordCount\":908,\"commentCount\":0,\"publisher\":{\"@id\":\"https:\\\/\\\/iddocente.com\\\/#organization\"},\"image\":{\"@id\":\"https:\\\/\\\/iddocente.com\\\/ca\\\/preguntar-o-no-preguntar-sobre-les-vacances-destiu\\\/#primaryimage\"},\"thumbnailUrl\":\"https:\\\/\\\/iddocente.com\\\/wp-content\\\/uploads\\\/2023\\\/08\\\/idd_preguntar_vacaciones.jpg\",\"keywords\":[\"estiu\",\"exclusi\u00f3\",\"inclusi\u00f3\",\"preguntar\",\"privacitat\",\"recursos\",\"respecte\",\"vacances\"],\"articleSection\":[\"EDUCACI\u00d3\"],\"inLanguage\":\"ca\",\"potentialAction\":[{\"@type\":\"CommentAction\",\"name\":\"Comment\",\"target\":[\"https:\\\/\\\/iddocente.com\\\/ca\\\/preguntar-o-no-preguntar-sobre-les-vacances-destiu\\\/#respond\"]}]},{\"@type\":\"WebPage\",\"@id\":\"https:\\\/\\\/iddocente.com\\\/ca\\\/preguntar-o-no-preguntar-sobre-les-vacances-destiu\\\/\",\"url\":\"https:\\\/\\\/iddocente.com\\\/ca\\\/preguntar-o-no-preguntar-sobre-les-vacances-destiu\\\/\",\"name\":\"Preguntar o no preguntar sobre les vacances | idDOCENTE\",\"isPartOf\":{\"@id\":\"https:\\\/\\\/iddocente.com\\\/#website\"},\"primaryImageOfPage\":{\"@id\":\"https:\\\/\\\/iddocente.com\\\/ca\\\/preguntar-o-no-preguntar-sobre-les-vacances-destiu\\\/#primaryimage\"},\"image\":{\"@id\":\"https:\\\/\\\/iddocente.com\\\/ca\\\/preguntar-o-no-preguntar-sobre-les-vacances-destiu\\\/#primaryimage\"},\"thumbnailUrl\":\"https:\\\/\\\/iddocente.com\\\/wp-content\\\/uploads\\\/2023\\\/08\\\/idd_preguntar_vacaciones.jpg\",\"datePublished\":\"2023-09-01T09:34:38+00:00\",\"dateModified\":\"2023-09-06T09:40:51+00:00\",\"description\":\"En aquest post analitzarem els problemes associats amb preguntar als alumnes sobre les seves vacances d'estiu\",\"breadcrumb\":{\"@id\":\"https:\\\/\\\/iddocente.com\\\/ca\\\/preguntar-o-no-preguntar-sobre-les-vacances-destiu\\\/#breadcrumb\"},\"inLanguage\":\"ca\",\"potentialAction\":[{\"@type\":\"ReadAction\",\"target\":[\"https:\\\/\\\/iddocente.com\\\/ca\\\/preguntar-o-no-preguntar-sobre-les-vacances-destiu\\\/\"]}]},{\"@type\":\"ImageObject\",\"inLanguage\":\"ca\",\"@id\":\"https:\\\/\\\/iddocente.com\\\/ca\\\/preguntar-o-no-preguntar-sobre-les-vacances-destiu\\\/#primaryimage\",\"url\":\"https:\\\/\\\/iddocente.com\\\/wp-content\\\/uploads\\\/2023\\\/08\\\/idd_preguntar_vacaciones.jpg\",\"contentUrl\":\"https:\\\/\\\/iddocente.com\\\/wp-content\\\/uploads\\\/2023\\\/08\\\/idd_preguntar_vacaciones.jpg\",\"width\":840,\"height\":400,\"caption\":\"vacaciones\"},{\"@type\":\"BreadcrumbList\",\"@id\":\"https:\\\/\\\/iddocente.com\\\/ca\\\/preguntar-o-no-preguntar-sobre-les-vacances-destiu\\\/#breadcrumb\",\"itemListElement\":[{\"@type\":\"ListItem\",\"position\":1,\"name\":\"Portada\",\"item\":\"https:\\\/\\\/iddocente.com\\\/ca\\\/\"},{\"@type\":\"ListItem\",\"position\":2,\"name\":\"PREGUNTAR O NO PREGUNTAR SOBRE LES VACANCES D&#8217;ESTIU\"}]},{\"@type\":\"WebSite\",\"@id\":\"https:\\\/\\\/iddocente.com\\\/#website\",\"url\":\"https:\\\/\\\/iddocente.com\\\/\",\"name\":\"idDOCENTE\",\"description\":\"Formaci\u00f3n online para docentes y centros educativos\",\"publisher\":{\"@id\":\"https:\\\/\\\/iddocente.com\\\/#organization\"},\"potentialAction\":[{\"@type\":\"SearchAction\",\"target\":{\"@type\":\"EntryPoint\",\"urlTemplate\":\"https:\\\/\\\/iddocente.com\\\/?s={search_term_string}\"},\"query-input\":{\"@type\":\"PropertyValueSpecification\",\"valueRequired\":true,\"valueName\":\"search_term_string\"}}],\"inLanguage\":\"ca\"},{\"@type\":\"Organization\",\"@id\":\"https:\\\/\\\/iddocente.com\\\/#organization\",\"name\":\"idDOCENTE\",\"url\":\"https:\\\/\\\/iddocente.com\\\/\",\"logo\":{\"@type\":\"ImageObject\",\"inLanguage\":\"ca\",\"@id\":\"https:\\\/\\\/iddocente.com\\\/#\\\/schema\\\/logo\\\/image\\\/\",\"url\":\"https:\\\/\\\/iddocente.com\\\/wp-content\\\/uploads\\\/2017\\\/01\\\/logo-colored-295x109.png\",\"contentUrl\":\"https:\\\/\\\/iddocente.com\\\/wp-content\\\/uploads\\\/2017\\\/01\\\/logo-colored-295x109.png\",\"width\":298,\"height\":110,\"caption\":\"idDOCENTE\"},\"image\":{\"@id\":\"https:\\\/\\\/iddocente.com\\\/#\\\/schema\\\/logo\\\/image\\\/\"},\"sameAs\":[\"https:\\\/\\\/www.facebook.com\\\/IDDInnovacionDesarrolloDocente\",\"https:\\\/\\\/x.com\\\/id_DOCENTE\",\"https:\\\/\\\/www.instagram.com\\\/iddocente\\\/\",\"https:\\\/\\\/www.linkedin.com\\\/company\\\/iddocente\\\/\"]},{\"@type\":\"Person\",\"@id\":\"https:\\\/\\\/iddocente.com\\\/#\\\/schema\\\/person\\\/640d86fb276c3e2b032e21567691977d\",\"name\":\"idDOCENTE\",\"image\":{\"@type\":\"ImageObject\",\"inLanguage\":\"ca\",\"@id\":\"https:\\\/\\\/secure.gravatar.com\\\/avatar\\\/93e9c486834ddfb4122a769285ed5cb0bf26b3a5a32598e1cf8abe0654241f90?s=96&d=mm&r=g\",\"url\":\"https:\\\/\\\/secure.gravatar.com\\\/avatar\\\/93e9c486834ddfb4122a769285ed5cb0bf26b3a5a32598e1cf8abe0654241f90?s=96&d=mm&r=g\",\"contentUrl\":\"https:\\\/\\\/secure.gravatar.com\\\/avatar\\\/93e9c486834ddfb4122a769285ed5cb0bf26b3a5a32598e1cf8abe0654241f90?s=96&d=mm&r=g\",\"caption\":\"idDOCENTE\"}}]}<\/script>\n<!-- \/ Yoast SEO plugin. -->","yoast_head_json":{"title":"Preguntar o no preguntar sobre les vacances | idDOCENTE","description":"En aquest post analitzarem els problemes associats amb preguntar als alumnes sobre les seves vacances d'estiu","robots":{"index":"index","follow":"follow","max-snippet":"max-snippet:-1","max-image-preview":"max-image-preview:large","max-video-preview":"max-video-preview:-1"},"canonical":"https:\/\/iddocente.com\/ca\/preguntar-o-no-preguntar-sobre-les-vacances-destiu\/","og_locale":"ca_ES","og_type":"article","og_title":"Preguntar o no preguntar sobre les vacances | idDOCENTE","og_description":"En aquest post analitzarem els problemes associats amb preguntar als alumnes sobre les seves vacances d'estiu","og_url":"https:\/\/iddocente.com\/ca\/preguntar-o-no-preguntar-sobre-les-vacances-destiu\/","og_site_name":"idDOCENTE","article_publisher":"https:\/\/www.facebook.com\/IDDInnovacionDesarrolloDocente","article_published_time":"2023-09-01T09:34:38+00:00","article_modified_time":"2023-09-06T09:40:51+00:00","og_image":[{"width":840,"height":400,"url":"https:\/\/iddocente.com\/wp-content\/uploads\/2023\/08\/idd_preguntar_vacaciones.jpg","type":"image\/jpeg"}],"author":"idDOCENTE","twitter_card":"summary_large_image","twitter_creator":"@id_DOCENTE","twitter_site":"@id_DOCENTE","twitter_misc":{"Escrit per":"idDOCENTE","Temps estimat de lectura":"4 minuts"},"schema":{"@context":"https:\/\/schema.org","@graph":[{"@type":"Article","@id":"https:\/\/iddocente.com\/ca\/preguntar-o-no-preguntar-sobre-les-vacances-destiu\/#article","isPartOf":{"@id":"https:\/\/iddocente.com\/ca\/preguntar-o-no-preguntar-sobre-les-vacances-destiu\/"},"author":{"name":"idDOCENTE","@id":"https:\/\/iddocente.com\/#\/schema\/person\/640d86fb276c3e2b032e21567691977d"},"headline":"PREGUNTAR O NO PREGUNTAR SOBRE LES VACANCES D&#8217;ESTIU","datePublished":"2023-09-01T09:34:38+00:00","dateModified":"2023-09-06T09:40:51+00:00","mainEntityOfPage":{"@id":"https:\/\/iddocente.com\/ca\/preguntar-o-no-preguntar-sobre-les-vacances-destiu\/"},"wordCount":908,"commentCount":0,"publisher":{"@id":"https:\/\/iddocente.com\/#organization"},"image":{"@id":"https:\/\/iddocente.com\/ca\/preguntar-o-no-preguntar-sobre-les-vacances-destiu\/#primaryimage"},"thumbnailUrl":"https:\/\/iddocente.com\/wp-content\/uploads\/2023\/08\/idd_preguntar_vacaciones.jpg","keywords":["estiu","exclusi\u00f3","inclusi\u00f3","preguntar","privacitat","recursos","respecte","vacances"],"articleSection":["EDUCACI\u00d3"],"inLanguage":"ca","potentialAction":[{"@type":"CommentAction","name":"Comment","target":["https:\/\/iddocente.com\/ca\/preguntar-o-no-preguntar-sobre-les-vacances-destiu\/#respond"]}]},{"@type":"WebPage","@id":"https:\/\/iddocente.com\/ca\/preguntar-o-no-preguntar-sobre-les-vacances-destiu\/","url":"https:\/\/iddocente.com\/ca\/preguntar-o-no-preguntar-sobre-les-vacances-destiu\/","name":"Preguntar o no preguntar sobre les vacances | idDOCENTE","isPartOf":{"@id":"https:\/\/iddocente.com\/#website"},"primaryImageOfPage":{"@id":"https:\/\/iddocente.com\/ca\/preguntar-o-no-preguntar-sobre-les-vacances-destiu\/#primaryimage"},"image":{"@id":"https:\/\/iddocente.com\/ca\/preguntar-o-no-preguntar-sobre-les-vacances-destiu\/#primaryimage"},"thumbnailUrl":"https:\/\/iddocente.com\/wp-content\/uploads\/2023\/08\/idd_preguntar_vacaciones.jpg","datePublished":"2023-09-01T09:34:38+00:00","dateModified":"2023-09-06T09:40:51+00:00","description":"En aquest post analitzarem els problemes associats amb preguntar als alumnes sobre les seves vacances d'estiu","breadcrumb":{"@id":"https:\/\/iddocente.com\/ca\/preguntar-o-no-preguntar-sobre-les-vacances-destiu\/#breadcrumb"},"inLanguage":"ca","potentialAction":[{"@type":"ReadAction","target":["https:\/\/iddocente.com\/ca\/preguntar-o-no-preguntar-sobre-les-vacances-destiu\/"]}]},{"@type":"ImageObject","inLanguage":"ca","@id":"https:\/\/iddocente.com\/ca\/preguntar-o-no-preguntar-sobre-les-vacances-destiu\/#primaryimage","url":"https:\/\/iddocente.com\/wp-content\/uploads\/2023\/08\/idd_preguntar_vacaciones.jpg","contentUrl":"https:\/\/iddocente.com\/wp-content\/uploads\/2023\/08\/idd_preguntar_vacaciones.jpg","width":840,"height":400,"caption":"vacaciones"},{"@type":"BreadcrumbList","@id":"https:\/\/iddocente.com\/ca\/preguntar-o-no-preguntar-sobre-les-vacances-destiu\/#breadcrumb","itemListElement":[{"@type":"ListItem","position":1,"name":"Portada","item":"https:\/\/iddocente.com\/ca\/"},{"@type":"ListItem","position":2,"name":"PREGUNTAR O NO PREGUNTAR SOBRE LES VACANCES D&#8217;ESTIU"}]},{"@type":"WebSite","@id":"https:\/\/iddocente.com\/#website","url":"https:\/\/iddocente.com\/","name":"idDOCENTE","description":"Formaci\u00f3n online para docentes y centros educativos","publisher":{"@id":"https:\/\/iddocente.com\/#organization"},"potentialAction":[{"@type":"SearchAction","target":{"@type":"EntryPoint","urlTemplate":"https:\/\/iddocente.com\/?s={search_term_string}"},"query-input":{"@type":"PropertyValueSpecification","valueRequired":true,"valueName":"search_term_string"}}],"inLanguage":"ca"},{"@type":"Organization","@id":"https:\/\/iddocente.com\/#organization","name":"idDOCENTE","url":"https:\/\/iddocente.com\/","logo":{"@type":"ImageObject","inLanguage":"ca","@id":"https:\/\/iddocente.com\/#\/schema\/logo\/image\/","url":"https:\/\/iddocente.com\/wp-content\/uploads\/2017\/01\/logo-colored-295x109.png","contentUrl":"https:\/\/iddocente.com\/wp-content\/uploads\/2017\/01\/logo-colored-295x109.png","width":298,"height":110,"caption":"idDOCENTE"},"image":{"@id":"https:\/\/iddocente.com\/#\/schema\/logo\/image\/"},"sameAs":["https:\/\/www.facebook.com\/IDDInnovacionDesarrolloDocente","https:\/\/x.com\/id_DOCENTE","https:\/\/www.instagram.com\/iddocente\/","https:\/\/www.linkedin.com\/company\/iddocente\/"]},{"@type":"Person","@id":"https:\/\/iddocente.com\/#\/schema\/person\/640d86fb276c3e2b032e21567691977d","name":"idDOCENTE","image":{"@type":"ImageObject","inLanguage":"ca","@id":"https:\/\/secure.gravatar.com\/avatar\/93e9c486834ddfb4122a769285ed5cb0bf26b3a5a32598e1cf8abe0654241f90?s=96&d=mm&r=g","url":"https:\/\/secure.gravatar.com\/avatar\/93e9c486834ddfb4122a769285ed5cb0bf26b3a5a32598e1cf8abe0654241f90?s=96&d=mm&r=g","contentUrl":"https:\/\/secure.gravatar.com\/avatar\/93e9c486834ddfb4122a769285ed5cb0bf26b3a5a32598e1cf8abe0654241f90?s=96&d=mm&r=g","caption":"idDOCENTE"}}]}},"_links":{"self":[{"href":"https:\/\/iddocente.com\/ca\/wp-json\/wp\/v2\/posts\/23852","targetHints":{"allow":["GET"]}}],"collection":[{"href":"https:\/\/iddocente.com\/ca\/wp-json\/wp\/v2\/posts"}],"about":[{"href":"https:\/\/iddocente.com\/ca\/wp-json\/wp\/v2\/types\/post"}],"author":[{"embeddable":true,"href":"https:\/\/iddocente.com\/ca\/wp-json\/wp\/v2\/users\/2"}],"replies":[{"embeddable":true,"href":"https:\/\/iddocente.com\/ca\/wp-json\/wp\/v2\/comments?post=23852"}],"version-history":[{"count":0,"href":"https:\/\/iddocente.com\/ca\/wp-json\/wp\/v2\/posts\/23852\/revisions"}],"wp:featuredmedia":[{"embeddable":true,"href":"https:\/\/iddocente.com\/ca\/wp-json\/wp\/v2\/media\/23836"}],"wp:attachment":[{"href":"https:\/\/iddocente.com\/ca\/wp-json\/wp\/v2\/media?parent=23852"}],"wp:term":[{"taxonomy":"category","embeddable":true,"href":"https:\/\/iddocente.com\/ca\/wp-json\/wp\/v2\/categories?post=23852"},{"taxonomy":"post_tag","embeddable":true,"href":"https:\/\/iddocente.com\/ca\/wp-json\/wp\/v2\/tags?post=23852"}],"curies":[{"name":"wp","href":"https:\/\/api.w.org\/{rel}","templated":true}]}}